{"id":3863,"date":"2024-04-17T11:56:36","date_gmt":"2024-04-17T09:56:36","guid":{"rendered":"https:\/\/gaf.kleve.de\/hp\/?p=3863"},"modified":"2024-04-25T09:16:25","modified_gmt":"2024-04-25T07:16:25","slug":"3863-2","status":"publish","type":"post","link":"https:\/\/gaf.kleve.de\/hp\/3863-2\/","title":{"rendered":"\u201eBring eins mit\u201c f\u00fcr die Tafel"},"content":{"rendered":"\n[et_pb_section fb_built=&#8220;1&#8243; _builder_version=&#8220;4.24.3&#8243; _module_preset=&#8220;default&#8220; da_disable_devices=&#8220;off|off|off&#8220; global_colors_info=&#8220;{}&#8220; da_is_popup=&#8220;off&#8220; da_exit_intent=&#8220;off&#8220; da_has_close=&#8220;on&#8220; da_alt_close=&#8220;off&#8220; da_dark_close=&#8220;off&#8220; da_not_modal=&#8220;on&#8220; da_is_singular=&#8220;off&#8220; da_with_loader=&#8220;off&#8220; da_has_shadow=&#8220;on&#8220;][et_pb_row _builder_version=&#8220;4.24.3&#8243; _module_preset=&#8220;default&#8220; global_colors_info=&#8220;{}&#8220;][et_pb_column type=&#8220;4_4&#8243; _builder_version=&#8220;4.24.3&#8243; _module_preset=&#8220;default&#8220; global_colors_info=&#8220;{}&#8220;][et_pb_text _builder_version=&#8220;4.24.3&#8243; _module_preset=&#8220;default&#8220; hover_enabled=&#8220;0&#8243; sticky_enabled=&#8220;0&#8243;]<p><span>Unter dem Motto &#8222;&#8218;Bring eins mit&#8220; organisierten die Sch\u00fcler des 8. Jahrgangs in Religion eine Sammelaktion f\u00fcr die Klever Tafel. Zwei Wochen lang sammelten alle Sch\u00fcler und Lehrer der GaF vor den Osterferien flei\u00dfig Lebensmittel und Hygieneartikel . Das Ergebnis kann sich sehen lassen! Am Montag wurden diese Spenden von einigen Spenderinnen und der Abteilungsleiterin Frau Heesen an die Tafel \u00fcbergeben. Die GaF freut sich, mit dieser Aktion die Klever Tafel unterst\u00fctzen zu k\u00f6nnen.\u00a0<\/span><\/p>[\/et_pb_text][\/et_pb_column][\/et_pb_row][\/et_pb_section]\n","protected":false},"excerpt":{"rendered":"<p>Unter dem Motto &#8222;&#8218;Bring eins mit&#8220; organisierten die Sch\u00fcler des 8. Jahrgangs in Religion eine Sammelaktion f\u00fcr die Klever Tafel. <\/p>\n","protected":false},"author":5,"featured_media":3886,"comment_status":"closed","ping_status":"closed","sticky":false,"template":"","format":"standard","meta":{"_et_pb_use_builder":"on","_et_pb_old_content":"","_et_gb_content_width":"","footnotes":""},"categories":[1,52],"tags":[],"class_list":["post-3863","post","type-post","status-publish","format-standard","has-post-thumbnail","hentry","category-allgemein","category-kooperationen"],"yoast_head":"<!-- This site is optimized with the Yoast SEO plugin v27.4 - https:\/\/yoast.com\/product\/yoast-seo-wordpress\/ -->\n<title>\u201eBring eins mit\u201c f\u00fcr die Tafel - Gesamtschule am Forstgarten Kleve<\/title>\n<meta name=\"robots\" content=\"index, follow, max-snippet:-1, max-image-preview:large, max-video-preview:-1\" \/>\n<link rel=\"canonical\" href=\"https:\/\/gaf.kleve.de\/hp\/3863-2\/\" \/>\n<meta property=\"og:locale\" content=\"de_DE\" \/>\n<meta property=\"og:type\" content=\"article\" \/>\n<meta property=\"og:title\" content=\"\u201eBring eins mit\u201c f\u00fcr die Tafel - Gesamtschule am Forstgarten Kleve\" \/>\n<meta property=\"og:description\" content=\"Unter dem Motto &quot;&#039;Bring eins mit&quot; organisierten die Sch\u00fcler des 8. Jahrgangs in Religion eine Sammelaktion f\u00fcr die Klever Tafel.\" \/>\n<meta property=\"og:url\" content=\"https:\/\/gaf.kleve.de\/hp\/3863-2\/\" \/>\n<meta property=\"og:site_name\" content=\"Gesamtschule am Forstgarten Kleve\" \/>\n<meta property=\"article:published_time\" content=\"2024-04-17T09:56:36+00:00\" \/>\n<meta property=\"article:modified_time\" content=\"2024-04-25T07:16:25+00:00\" \/>\n<meta property=\"og:image\" content=\"https:\/\/gaf.kleve.de\/hp\/wp-content\/uploads\/gesamtschule-am-forstgarten-kleve-bring-eins-mit-fuer-die-tafel.jpg\" \/>\n\t<meta property=\"og:image:width\" content=\"1500\" \/>\n\t<meta property=\"og:image:height\" content=\"945\" \/>\n\t<meta property=\"og:image:type\" content=\"image\/jpeg\" \/>\n<meta name=\"author\" content=\"Aylin Korkmaz\" \/>\n<meta name=\"twitter:card\" content=\"summary_large_image\" \/>\n<meta name=\"twitter:label1\" content=\"Verfasst von\" \/>\n\t<meta name=\"twitter:data1\" content=\"Aylin Korkmaz\" \/>\n\t<meta name=\"twitter:label2\" content=\"Gesch\u00e4tzte Lesezeit\" \/>\n\t<meta name=\"twitter:data2\" content=\"1\u00a0Minute\" \/>\n<script type=\"application\/ld+json\" class=\"yoast-schema-graph\">{\"@context\":\"https:\\\/\\\/schema.org\",\"@graph\":[{\"@type\":\"Article\",\"@id\":\"https:\\\/\\\/gaf.kleve.de\\\/hp\\\/3863-2\\\/#article\",\"isPartOf\":{\"@id\":\"https:\\\/\\\/gaf.kleve.de\\\/hp\\\/3863-2\\\/\"},\"author\":{\"name\":\"Aylin Korkmaz\",\"@id\":\"https:\\\/\\\/gaf.kleve.de\\\/hp\\\/#\\\/schema\\\/person\\\/26192f17bffaae6cec94af0837d1e843\"},\"headline\":\"\u201eBring eins mit\u201c f\u00fcr die Tafel\",\"datePublished\":\"2024-04-17T09:56:36+00:00\",\"dateModified\":\"2024-04-25T07:16:25+00:00\",\"mainEntityOfPage\":{\"@id\":\"https:\\\/\\\/gaf.kleve.de\\\/hp\\\/3863-2\\\/\"},\"wordCount\":187,\"publisher\":{\"@id\":\"https:\\\/\\\/gaf.kleve.de\\\/hp\\\/#organization\"},\"image\":{\"@id\":\"https:\\\/\\\/gaf.kleve.de\\\/hp\\\/3863-2\\\/#primaryimage\"},\"thumbnailUrl\":\"https:\\\/\\\/gaf.kleve.de\\\/hp\\\/wp-content\\\/uploads\\\/gesamtschule-am-forstgarten-kleve-bring-eins-mit-fuer-die-tafel.jpg\",\"articleSection\":{\"1\":\"Kooperationen\"},\"inLanguage\":\"de\"},{\"@type\":\"WebPage\",\"@id\":\"https:\\\/\\\/gaf.kleve.de\\\/hp\\\/3863-2\\\/\",\"url\":\"https:\\\/\\\/gaf.kleve.de\\\/hp\\\/3863-2\\\/\",\"name\":\"\u201eBring eins mit\u201c f\u00fcr die Tafel - Gesamtschule am Forstgarten Kleve\",\"isPartOf\":{\"@id\":\"https:\\\/\\\/gaf.kleve.de\\\/hp\\\/#website\"},\"primaryImageOfPage\":{\"@id\":\"https:\\\/\\\/gaf.kleve.de\\\/hp\\\/3863-2\\\/#primaryimage\"},\"image\":{\"@id\":\"https:\\\/\\\/gaf.kleve.de\\\/hp\\\/3863-2\\\/#primaryimage\"},\"thumbnailUrl\":\"https:\\\/\\\/gaf.kleve.de\\\/hp\\\/wp-content\\\/uploads\\\/gesamtschule-am-forstgarten-kleve-bring-eins-mit-fuer-die-tafel.jpg\",\"datePublished\":\"2024-04-17T09:56:36+00:00\",\"dateModified\":\"2024-04-25T07:16:25+00:00\",\"breadcrumb\":{\"@id\":\"https:\\\/\\\/gaf.kleve.de\\\/hp\\\/3863-2\\\/#breadcrumb\"},\"inLanguage\":\"de\",\"potentialAction\":[{\"@type\":\"ReadAction\",\"target\":[\"https:\\\/\\\/gaf.kleve.de\\\/hp\\\/3863-2\\\/\"]}]},{\"@type\":\"ImageObject\",\"inLanguage\":\"de\",\"@id\":\"https:\\\/\\\/gaf.kleve.de\\\/hp\\\/3863-2\\\/#primaryimage\",\"url\":\"https:\\\/\\\/gaf.kleve.de\\\/hp\\\/wp-content\\\/uploads\\\/gesamtschule-am-forstgarten-kleve-bring-eins-mit-fuer-die-tafel.jpg\",\"contentUrl\":\"https:\\\/\\\/gaf.kleve.de\\\/hp\\\/wp-content\\\/uploads\\\/gesamtschule-am-forstgarten-kleve-bring-eins-mit-fuer-die-tafel.jpg\",\"width\":1500,\"height\":945,\"caption\":\"gesamtschule-am-forstgarten-kleve-bring-eins-mit-fuer-die-tafel\"},{\"@type\":\"BreadcrumbList\",\"@id\":\"https:\\\/\\\/gaf.kleve.de\\\/hp\\\/3863-2\\\/#breadcrumb\",\"itemListElement\":[{\"@type\":\"ListItem\",\"position\":1,\"name\":\"Startseite\",\"item\":\"https:\\\/\\\/gaf.kleve.de\\\/hp\\\/\"},{\"@type\":\"ListItem\",\"position\":2,\"name\":\"\u201eBring eins mit\u201c f\u00fcr die Tafel\"}]},{\"@type\":\"WebSite\",\"@id\":\"https:\\\/\\\/gaf.kleve.de\\\/hp\\\/#website\",\"url\":\"https:\\\/\\\/gaf.kleve.de\\\/hp\\\/\",\"name\":\"Gesamtschule am Forstgarten - Voneinander und miteinander lernen in Kleves gr\u00fcner Mitte\",\"description\":\"Gesamtschule am Forstgarten - Voneinander und miteinander lernen in Kleves gr\u00fcner Mitte\",\"publisher\":{\"@id\":\"https:\\\/\\\/gaf.kleve.de\\\/hp\\\/#organization\"},\"potentialAction\":[{\"@type\":\"SearchAction\",\"target\":{\"@type\":\"EntryPoint\",\"urlTemplate\":\"https:\\\/\\\/gaf.kleve.de\\\/hp\\\/?s={search_term_string}\"},\"query-input\":{\"@type\":\"PropertyValueSpecification\",\"valueRequired\":true,\"valueName\":\"search_term_string\"}}],\"inLanguage\":\"de\"},{\"@type\":\"Organization\",\"@id\":\"https:\\\/\\\/gaf.kleve.de\\\/hp\\\/#organization\",\"name\":\"Gesamtschule am Forstgarten Kleve\",\"url\":\"https:\\\/\\\/gaf.kleve.de\\\/hp\\\/\",\"logo\":{\"@type\":\"ImageObject\",\"inLanguage\":\"de\",\"@id\":\"https:\\\/\\\/gaf.kleve.de\\\/hp\\\/#\\\/schema\\\/logo\\\/image\\\/\",\"url\":\"https:\\\/\\\/gaf.kleve.de\\\/hp\\\/wp-content\\\/uploads\\\/2023\\\/05\\\/Logo_GaF_RGB.png\",\"contentUrl\":\"https:\\\/\\\/gaf.kleve.de\\\/hp\\\/wp-content\\\/uploads\\\/2023\\\/05\\\/Logo_GaF_RGB.png\",\"width\":500,\"height\":286,\"caption\":\"Gesamtschule am Forstgarten Kleve\"},\"image\":{\"@id\":\"https:\\\/\\\/gaf.kleve.de\\\/hp\\\/#\\\/schema\\\/logo\\\/image\\\/\"},\"sameAs\":[\"https:\\\/\\\/www.instagram.com\\\/gaf_gesamtschuleamforstgarten\\\/\"]},{\"@type\":\"Person\",\"@id\":\"https:\\\/\\\/gaf.kleve.de\\\/hp\\\/#\\\/schema\\\/person\\\/26192f17bffaae6cec94af0837d1e843\",\"name\":\"Aylin Korkmaz\",\"url\":\"https:\\\/\\\/gaf.kleve.de\\\/hp\\\/author\\\/aylin-korkmaz\\\/\"}]}<\/script>\n<!-- \/ Yoast SEO plugin. -->","yoast_head_json":{"title":"\u201eBring eins mit\u201c f\u00fcr die Tafel - Gesamtschule am Forstgarten Kleve","robots":{"index":"index","follow":"follow","max-snippet":"max-snippet:-1","max-image-preview":"max-image-preview:large","max-video-preview":"max-video-preview:-1"},"canonical":"https:\/\/gaf.kleve.de\/hp\/3863-2\/","og_locale":"de_DE","og_type":"article","og_title":"\u201eBring eins mit\u201c f\u00fcr die Tafel - Gesamtschule am Forstgarten Kleve","og_description":"Unter dem Motto \"'Bring eins mit\" organisierten die Sch\u00fcler des 8. Jahrgangs in Religion eine Sammelaktion f\u00fcr die Klever Tafel.","og_url":"https:\/\/gaf.kleve.de\/hp\/3863-2\/","og_site_name":"Gesamtschule am Forstgarten Kleve","article_published_time":"2024-04-17T09:56:36+00:00","article_modified_time":"2024-04-25T07:16:25+00:00","og_image":[{"width":1500,"height":945,"url":"https:\/\/gaf.kleve.de\/hp\/wp-content\/uploads\/gesamtschule-am-forstgarten-kleve-bring-eins-mit-fuer-die-tafel.jpg","type":"image\/jpeg"}],"author":"Aylin Korkmaz","twitter_card":"summary_large_image","twitter_misc":{"Verfasst von":"Aylin Korkmaz","Gesch\u00e4tzte Lesezeit":"1\u00a0Minute"},"schema":{"@context":"https:\/\/schema.org","@graph":[{"@type":"Article","@id":"https:\/\/gaf.kleve.de\/hp\/3863-2\/#article","isPartOf":{"@id":"https:\/\/gaf.kleve.de\/hp\/3863-2\/"},"author":{"name":"Aylin Korkmaz","@id":"https:\/\/gaf.kleve.de\/hp\/#\/schema\/person\/26192f17bffaae6cec94af0837d1e843"},"headline":"\u201eBring eins mit\u201c f\u00fcr die Tafel","datePublished":"2024-04-17T09:56:36+00:00","dateModified":"2024-04-25T07:16:25+00:00","mainEntityOfPage":{"@id":"https:\/\/gaf.kleve.de\/hp\/3863-2\/"},"wordCount":187,"publisher":{"@id":"https:\/\/gaf.kleve.de\/hp\/#organization"},"image":{"@id":"https:\/\/gaf.kleve.de\/hp\/3863-2\/#primaryimage"},"thumbnailUrl":"https:\/\/gaf.kleve.de\/hp\/wp-content\/uploads\/gesamtschule-am-forstgarten-kleve-bring-eins-mit-fuer-die-tafel.jpg","articleSection":{"1":"Kooperationen"},"inLanguage":"de"},{"@type":"WebPage","@id":"https:\/\/gaf.kleve.de\/hp\/3863-2\/","url":"https:\/\/gaf.kleve.de\/hp\/3863-2\/","name":"\u201eBring eins mit\u201c f\u00fcr die Tafel - Gesamtschule am Forstgarten Kleve","isPartOf":{"@id":"https:\/\/gaf.kleve.de\/hp\/#website"},"primaryImageOfPage":{"@id":"https:\/\/gaf.kleve.de\/hp\/3863-2\/#primaryimage"},"image":{"@id":"https:\/\/gaf.kleve.de\/hp\/3863-2\/#primaryimage"},"thumbnailUrl":"https:\/\/gaf.kleve.de\/hp\/wp-content\/uploads\/gesamtschule-am-forstgarten-kleve-bring-eins-mit-fuer-die-tafel.jpg","datePublished":"2024-04-17T09:56:36+00:00","dateModified":"2024-04-25T07:16:25+00:00","breadcrumb":{"@id":"https:\/\/gaf.kleve.de\/hp\/3863-2\/#breadcrumb"},"inLanguage":"de","potentialAction":[{"@type":"ReadAction","target":["https:\/\/gaf.kleve.de\/hp\/3863-2\/"]}]},{"@type":"ImageObject","inLanguage":"de","@id":"https:\/\/gaf.kleve.de\/hp\/3863-2\/#primaryimage","url":"https:\/\/gaf.kleve.de\/hp\/wp-content\/uploads\/gesamtschule-am-forstgarten-kleve-bring-eins-mit-fuer-die-tafel.jpg","contentUrl":"https:\/\/gaf.kleve.de\/hp\/wp-content\/uploads\/gesamtschule-am-forstgarten-kleve-bring-eins-mit-fuer-die-tafel.jpg","width":1500,"height":945,"caption":"gesamtschule-am-forstgarten-kleve-bring-eins-mit-fuer-die-tafel"},{"@type":"BreadcrumbList","@id":"https:\/\/gaf.kleve.de\/hp\/3863-2\/#breadcrumb","itemListElement":[{"@type":"ListItem","position":1,"name":"Startseite","item":"https:\/\/gaf.kleve.de\/hp\/"},{"@type":"ListItem","position":2,"name":"\u201eBring eins mit\u201c f\u00fcr die Tafel"}]},{"@type":"WebSite","@id":"https:\/\/gaf.kleve.de\/hp\/#website","url":"https:\/\/gaf.kleve.de\/hp\/","name":"Gesamtschule am Forstgarten - Voneinander und miteinander lernen in Kleves gr\u00fcner Mitte","description":"Gesamtschule am Forstgarten - Voneinander und miteinander lernen in Kleves gr\u00fcner Mitte","publisher":{"@id":"https:\/\/gaf.kleve.de\/hp\/#organization"},"potentialAction":[{"@type":"SearchAction","target":{"@type":"EntryPoint","urlTemplate":"https:\/\/gaf.kleve.de\/hp\/?s={search_term_string}"},"query-input":{"@type":"PropertyValueSpecification","valueRequired":true,"valueName":"search_term_string"}}],"inLanguage":"de"},{"@type":"Organization","@id":"https:\/\/gaf.kleve.de\/hp\/#organization","name":"Gesamtschule am Forstgarten Kleve","url":"https:\/\/gaf.kleve.de\/hp\/","logo":{"@type":"ImageObject","inLanguage":"de","@id":"https:\/\/gaf.kleve.de\/hp\/#\/schema\/logo\/image\/","url":"https:\/\/gaf.kleve.de\/hp\/wp-content\/uploads\/2023\/05\/Logo_GaF_RGB.png","contentUrl":"https:\/\/gaf.kleve.de\/hp\/wp-content\/uploads\/2023\/05\/Logo_GaF_RGB.png","width":500,"height":286,"caption":"Gesamtschule am Forstgarten Kleve"},"image":{"@id":"https:\/\/gaf.kleve.de\/hp\/#\/schema\/logo\/image\/"},"sameAs":["https:\/\/www.instagram.com\/gaf_gesamtschuleamforstgarten\/"]},{"@type":"Person","@id":"https:\/\/gaf.kleve.de\/hp\/#\/schema\/person\/26192f17bffaae6cec94af0837d1e843","name":"Aylin Korkmaz","url":"https:\/\/gaf.kleve.de\/hp\/author\/aylin-korkmaz\/"}]}},"_links":{"self":[{"href":"https:\/\/gaf.kleve.de\/hp\/wp-json\/wp\/v2\/posts\/3863","targetHints":{"allow":["GET"]}}],"collection":[{"href":"https:\/\/gaf.kleve.de\/hp\/wp-json\/wp\/v2\/posts"}],"about":[{"href":"https:\/\/gaf.kleve.de\/hp\/wp-json\/wp\/v2\/types\/post"}],"author":[{"embeddable":true,"href":"https:\/\/gaf.kleve.de\/hp\/wp-json\/wp\/v2\/users\/5"}],"replies":[{"embeddable":true,"href":"https:\/\/gaf.kleve.de\/hp\/wp-json\/wp\/v2\/comments?post=3863"}],"version-history":[{"count":9,"href":"https:\/\/gaf.kleve.de\/hp\/wp-json\/wp\/v2\/posts\/3863\/revisions"}],"predecessor-version":[{"id":3888,"href":"https:\/\/gaf.kleve.de\/hp\/wp-json\/wp\/v2\/posts\/3863\/revisions\/3888"}],"wp:featuredmedia":[{"embeddable":true,"href":"https:\/\/gaf.kleve.de\/hp\/wp-json\/wp\/v2\/media\/3886"}],"wp:attachment":[{"href":"https:\/\/gaf.kleve.de\/hp\/wp-json\/wp\/v2\/media?parent=3863"}],"wp:term":[{"taxonomy":"category","embeddable":true,"href":"https:\/\/gaf.kleve.de\/hp\/wp-json\/wp\/v2\/categories?post=3863"},{"taxonomy":"post_tag","embeddable":true,"href":"https:\/\/gaf.kleve.de\/hp\/wp-json\/wp\/v2\/tags?post=3863"}],"curies":[{"name":"wp","href":"https:\/\/api.w.org\/{rel}","templated":true}]}}