{"id":4052,"date":"2024-06-02T09:30:56","date_gmt":"2024-06-02T07:30:56","guid":{"rendered":"https:\/\/gaf.kleve.de\/hp\/?p=4052"},"modified":"2024-06-02T09:35:19","modified_gmt":"2024-06-02T07:35:19","slug":"4052-2","status":"publish","type":"post","link":"https:\/\/gaf.kleve.de\/hp\/4052-2\/","title":{"rendered":"Benefiz-Orgel-Konzert in N\u00fctterden am 16. Juni"},"content":{"rendered":"<p>[et_pb_section fb_built=&#8220;1&#8243; theme_builder_area=&#8220;post_content&#8220; _builder_version=&#8220;4.25.1&#8243; _module_preset=&#8220;default&#8220; da_is_popup=&#8220;off&#8220; da_exit_intent=&#8220;off&#8220; da_has_close=&#8220;on&#8220; da_alt_close=&#8220;off&#8220; da_dark_close=&#8220;off&#8220; da_not_modal=&#8220;on&#8220; da_is_singular=&#8220;off&#8220; da_with_loader=&#8220;off&#8220; da_has_shadow=&#8220;on&#8220; da_disable_devices=&#8220;off|off|off&#8220;][et_pb_row _builder_version=&#8220;4.25.1&#8243; _module_preset=&#8220;default&#8220; theme_builder_area=&#8220;post_content&#8220;][et_pb_column _builder_version=&#8220;4.25.1&#8243; _module_preset=&#8220;default&#8220; type=&#8220;4_4&#8243; theme_builder_area=&#8220;post_content&#8220;][et_pb_text _builder_version=&#8220;4.25.1&#8243; _module_preset=&#8220;default&#8220; theme_builder_area=&#8220;post_content&#8220; hover_enabled=&#8220;0&#8243; sticky_enabled=&#8220;0&#8243; link_option_url_new_window=&#8220;on&#8220;]<\/p>\n<p>Neben der Vorbereitungen auf seine Abiturpr\u00fcfung hat Jonah Gertzen, ein Sch\u00fcler aus der Q2, eigenst\u00e4ndig ein Orgelkonzert organisiert. Der Eintritt erfolgt auf Spendenbasis. Ein Teil der Spenden geht an das Hospiz in Donsbr\u00fcggen, ein Teil in die Abi-Kasse.<\/p>\n<p>Das Konzert findet am 16. Juni um 17.30 Uhr in der St. Antonius Kirche in N\u00fctterden statt.<\/p>\n<p>&nbsp;<\/p>\n<p>Weitere K\u00fcnstler und Informationen zum Programm finden Sie hier in der Einladung: <a href=\"https:\/\/gaf.kleve.de\/hp\/wp-content\/uploads\/gesamtschule-am-forstgarten-Benefiz-Orgel-Konzert.pdf\" target=\"_blank\" rel=\"noopener\">Einladung.pdf<\/a><\/p>\n<p>&nbsp;<\/p>\n<p>[\/et_pb_text][\/et_pb_column][\/et_pb_row][\/et_pb_section]<\/p>\n","protected":false},"excerpt":{"rendered":"<p>Sch\u00fcler aus der Q2 organisiert ein Orgelkonzert in der St. Antonius Kirche in N\u00fctterden.<\/p>\n","protected":false},"author":2,"featured_media":4057,"comment_status":"closed","ping_status":"closed","sticky":false,"template":"","format":"standard","meta":{"_et_pb_use_builder":"on","_et_pb_old_content":"","_et_gb_content_width":"","footnotes":""},"categories":[1,27,54],"tags":[39],"class_list":["post-4052","post","type-post","status-publish","format-standard","has-post-thumbnail","hentry","category-allgemein","category-kunst","category-termine","tag-auffuehrung"],"yoast_head":"<!-- This site is optimized with the Yoast SEO plugin v27.4 - https:\/\/yoast.com\/product\/yoast-seo-wordpress\/ -->\n<title>Benefiz-Orgel-Konzert in N\u00fctterden am 16. Juni - Gesamtschule am Forstgarten Kleve<\/title>\n<meta name=\"robots\" content=\"index, follow, max-snippet:-1, max-image-preview:large, max-video-preview:-1\" \/>\n<link rel=\"canonical\" href=\"https:\/\/gaf.kleve.de\/hp\/4052-2\/\" \/>\n<meta property=\"og:locale\" content=\"de_DE\" \/>\n<meta property=\"og:type\" content=\"article\" \/>\n<meta property=\"og:title\" content=\"Benefiz-Orgel-Konzert in N\u00fctterden am 16. Juni - Gesamtschule am Forstgarten Kleve\" \/>\n<meta property=\"og:description\" content=\"Sch\u00fcler aus der Q2 organisiert ein Orgelkonzert in der St. Antonius Kirche in N\u00fctterden.\" \/>\n<meta property=\"og:url\" content=\"https:\/\/gaf.kleve.de\/hp\/4052-2\/\" \/>\n<meta property=\"og:site_name\" content=\"Gesamtschule am Forstgarten Kleve\" \/>\n<meta property=\"article:published_time\" content=\"2024-06-02T07:30:56+00:00\" \/>\n<meta property=\"article:modified_time\" content=\"2024-06-02T07:35:19+00:00\" \/>\n<meta property=\"og:image\" content=\"https:\/\/gaf.kleve.de\/hp\/wp-content\/uploads\/gesamtschule-am-forstgarten-benefiz-orgel-konzert02.jpg\" \/>\n\t<meta property=\"og:image:width\" content=\"908\" \/>\n\t<meta property=\"og:image:height\" content=\"1286\" \/>\n\t<meta property=\"og:image:type\" content=\"image\/jpeg\" \/>\n<meta name=\"author\" content=\"Martin Leurs\" \/>\n<meta name=\"twitter:card\" content=\"summary_large_image\" \/>\n<meta name=\"twitter:label1\" content=\"Verfasst von\" \/>\n\t<meta name=\"twitter:data1\" content=\"Martin Leurs\" \/>\n<script type=\"application\/ld+json\" class=\"yoast-schema-graph\">{\"@context\":\"https:\\\/\\\/schema.org\",\"@graph\":[{\"@type\":\"Article\",\"@id\":\"https:\\\/\\\/gaf.kleve.de\\\/hp\\\/4052-2\\\/#article\",\"isPartOf\":{\"@id\":\"https:\\\/\\\/gaf.kleve.de\\\/hp\\\/4052-2\\\/\"},\"author\":{\"name\":\"Martin Leurs\",\"@id\":\"https:\\\/\\\/gaf.kleve.de\\\/hp\\\/#\\\/schema\\\/person\\\/e62f2ab9d8b33dd1f62c233bad2285a3\"},\"headline\":\"Benefiz-Orgel-Konzert in N\u00fctterden am 16. Juni\",\"datePublished\":\"2024-06-02T07:30:56+00:00\",\"dateModified\":\"2024-06-02T07:35:19+00:00\",\"mainEntityOfPage\":{\"@id\":\"https:\\\/\\\/gaf.kleve.de\\\/hp\\\/4052-2\\\/\"},\"wordCount\":200,\"publisher\":{\"@id\":\"https:\\\/\\\/gaf.kleve.de\\\/hp\\\/#organization\"},\"image\":{\"@id\":\"https:\\\/\\\/gaf.kleve.de\\\/hp\\\/4052-2\\\/#primaryimage\"},\"thumbnailUrl\":\"https:\\\/\\\/gaf.kleve.de\\\/hp\\\/wp-content\\\/uploads\\\/gesamtschule-am-forstgarten-benefiz-orgel-konzert02.jpg\",\"keywords\":[\"Auff\u00fchrung\"],\"articleSection\":{\"1\":\"Kunst\",\"2\":\"Termine\"},\"inLanguage\":\"de\"},{\"@type\":\"WebPage\",\"@id\":\"https:\\\/\\\/gaf.kleve.de\\\/hp\\\/4052-2\\\/\",\"url\":\"https:\\\/\\\/gaf.kleve.de\\\/hp\\\/4052-2\\\/\",\"name\":\"Benefiz-Orgel-Konzert in N\u00fctterden am 16. Juni - Gesamtschule am Forstgarten Kleve\",\"isPartOf\":{\"@id\":\"https:\\\/\\\/gaf.kleve.de\\\/hp\\\/#website\"},\"primaryImageOfPage\":{\"@id\":\"https:\\\/\\\/gaf.kleve.de\\\/hp\\\/4052-2\\\/#primaryimage\"},\"image\":{\"@id\":\"https:\\\/\\\/gaf.kleve.de\\\/hp\\\/4052-2\\\/#primaryimage\"},\"thumbnailUrl\":\"https:\\\/\\\/gaf.kleve.de\\\/hp\\\/wp-content\\\/uploads\\\/gesamtschule-am-forstgarten-benefiz-orgel-konzert02.jpg\",\"datePublished\":\"2024-06-02T07:30:56+00:00\",\"dateModified\":\"2024-06-02T07:35:19+00:00\",\"breadcrumb\":{\"@id\":\"https:\\\/\\\/gaf.kleve.de\\\/hp\\\/4052-2\\\/#breadcrumb\"},\"inLanguage\":\"de\",\"potentialAction\":[{\"@type\":\"ReadAction\",\"target\":[\"https:\\\/\\\/gaf.kleve.de\\\/hp\\\/4052-2\\\/\"]}]},{\"@type\":\"ImageObject\",\"inLanguage\":\"de\",\"@id\":\"https:\\\/\\\/gaf.kleve.de\\\/hp\\\/4052-2\\\/#primaryimage\",\"url\":\"https:\\\/\\\/gaf.kleve.de\\\/hp\\\/wp-content\\\/uploads\\\/gesamtschule-am-forstgarten-benefiz-orgel-konzert02.jpg\",\"contentUrl\":\"https:\\\/\\\/gaf.kleve.de\\\/hp\\\/wp-content\\\/uploads\\\/gesamtschule-am-forstgarten-benefiz-orgel-konzert02.jpg\",\"width\":908,\"height\":1286,\"caption\":\"gesamtschule-am-forstgarten-benefiz-orgel-konzert02\"},{\"@type\":\"BreadcrumbList\",\"@id\":\"https:\\\/\\\/gaf.kleve.de\\\/hp\\\/4052-2\\\/#breadcrumb\",\"itemListElement\":[{\"@type\":\"ListItem\",\"position\":1,\"name\":\"Startseite\",\"item\":\"https:\\\/\\\/gaf.kleve.de\\\/hp\\\/\"},{\"@type\":\"ListItem\",\"position\":2,\"name\":\"Benefiz-Orgel-Konzert in N\u00fctterden am 16. Juni\"}]},{\"@type\":\"WebSite\",\"@id\":\"https:\\\/\\\/gaf.kleve.de\\\/hp\\\/#website\",\"url\":\"https:\\\/\\\/gaf.kleve.de\\\/hp\\\/\",\"name\":\"Gesamtschule am Forstgarten - Voneinander und miteinander lernen in Kleves gr\u00fcner Mitte\",\"description\":\"Gesamtschule am Forstgarten - Voneinander und miteinander lernen in Kleves gr\u00fcner Mitte\",\"publisher\":{\"@id\":\"https:\\\/\\\/gaf.kleve.de\\\/hp\\\/#organization\"},\"potentialAction\":[{\"@type\":\"SearchAction\",\"target\":{\"@type\":\"EntryPoint\",\"urlTemplate\":\"https:\\\/\\\/gaf.kleve.de\\\/hp\\\/?s={search_term_string}\"},\"query-input\":{\"@type\":\"PropertyValueSpecification\",\"valueRequired\":true,\"valueName\":\"search_term_string\"}}],\"inLanguage\":\"de\"},{\"@type\":\"Organization\",\"@id\":\"https:\\\/\\\/gaf.kleve.de\\\/hp\\\/#organization\",\"name\":\"Gesamtschule am Forstgarten Kleve\",\"url\":\"https:\\\/\\\/gaf.kleve.de\\\/hp\\\/\",\"logo\":{\"@type\":\"ImageObject\",\"inLanguage\":\"de\",\"@id\":\"https:\\\/\\\/gaf.kleve.de\\\/hp\\\/#\\\/schema\\\/logo\\\/image\\\/\",\"url\":\"https:\\\/\\\/gaf.kleve.de\\\/hp\\\/wp-content\\\/uploads\\\/2023\\\/05\\\/Logo_GaF_RGB.png\",\"contentUrl\":\"https:\\\/\\\/gaf.kleve.de\\\/hp\\\/wp-content\\\/uploads\\\/2023\\\/05\\\/Logo_GaF_RGB.png\",\"width\":500,\"height\":286,\"caption\":\"Gesamtschule am Forstgarten Kleve\"},\"image\":{\"@id\":\"https:\\\/\\\/gaf.kleve.de\\\/hp\\\/#\\\/schema\\\/logo\\\/image\\\/\"},\"sameAs\":[\"https:\\\/\\\/www.instagram.com\\\/gaf_gesamtschuleamforstgarten\\\/\"]},{\"@type\":\"Person\",\"@id\":\"https:\\\/\\\/gaf.kleve.de\\\/hp\\\/#\\\/schema\\\/person\\\/e62f2ab9d8b33dd1f62c233bad2285a3\",\"name\":\"Martin Leurs\",\"url\":\"https:\\\/\\\/gaf.kleve.de\\\/hp\\\/author\\\/martin_leurs\\\/\"}]}<\/script>\n<!-- \/ Yoast SEO plugin. -->","yoast_head_json":{"title":"Benefiz-Orgel-Konzert in N\u00fctterden am 16. Juni - Gesamtschule am Forstgarten Kleve","robots":{"index":"index","follow":"follow","max-snippet":"max-snippet:-1","max-image-preview":"max-image-preview:large","max-video-preview":"max-video-preview:-1"},"canonical":"https:\/\/gaf.kleve.de\/hp\/4052-2\/","og_locale":"de_DE","og_type":"article","og_title":"Benefiz-Orgel-Konzert in N\u00fctterden am 16. Juni - Gesamtschule am Forstgarten Kleve","og_description":"Sch\u00fcler aus der Q2 organisiert ein Orgelkonzert in der St. Antonius Kirche in N\u00fctterden.","og_url":"https:\/\/gaf.kleve.de\/hp\/4052-2\/","og_site_name":"Gesamtschule am Forstgarten Kleve","article_published_time":"2024-06-02T07:30:56+00:00","article_modified_time":"2024-06-02T07:35:19+00:00","og_image":[{"width":908,"height":1286,"url":"https:\/\/gaf.kleve.de\/hp\/wp-content\/uploads\/gesamtschule-am-forstgarten-benefiz-orgel-konzert02.jpg","type":"image\/jpeg"}],"author":"Martin Leurs","twitter_card":"summary_large_image","twitter_misc":{"Verfasst von":"Martin Leurs"},"schema":{"@context":"https:\/\/schema.org","@graph":[{"@type":"Article","@id":"https:\/\/gaf.kleve.de\/hp\/4052-2\/#article","isPartOf":{"@id":"https:\/\/gaf.kleve.de\/hp\/4052-2\/"},"author":{"name":"Martin Leurs","@id":"https:\/\/gaf.kleve.de\/hp\/#\/schema\/person\/e62f2ab9d8b33dd1f62c233bad2285a3"},"headline":"Benefiz-Orgel-Konzert in N\u00fctterden am 16. Juni","datePublished":"2024-06-02T07:30:56+00:00","dateModified":"2024-06-02T07:35:19+00:00","mainEntityOfPage":{"@id":"https:\/\/gaf.kleve.de\/hp\/4052-2\/"},"wordCount":200,"publisher":{"@id":"https:\/\/gaf.kleve.de\/hp\/#organization"},"image":{"@id":"https:\/\/gaf.kleve.de\/hp\/4052-2\/#primaryimage"},"thumbnailUrl":"https:\/\/gaf.kleve.de\/hp\/wp-content\/uploads\/gesamtschule-am-forstgarten-benefiz-orgel-konzert02.jpg","keywords":["Auff\u00fchrung"],"articleSection":{"1":"Kunst","2":"Termine"},"inLanguage":"de"},{"@type":"WebPage","@id":"https:\/\/gaf.kleve.de\/hp\/4052-2\/","url":"https:\/\/gaf.kleve.de\/hp\/4052-2\/","name":"Benefiz-Orgel-Konzert in N\u00fctterden am 16. Juni - Gesamtschule am Forstgarten Kleve","isPartOf":{"@id":"https:\/\/gaf.kleve.de\/hp\/#website"},"primaryImageOfPage":{"@id":"https:\/\/gaf.kleve.de\/hp\/4052-2\/#primaryimage"},"image":{"@id":"https:\/\/gaf.kleve.de\/hp\/4052-2\/#primaryimage"},"thumbnailUrl":"https:\/\/gaf.kleve.de\/hp\/wp-content\/uploads\/gesamtschule-am-forstgarten-benefiz-orgel-konzert02.jpg","datePublished":"2024-06-02T07:30:56+00:00","dateModified":"2024-06-02T07:35:19+00:00","breadcrumb":{"@id":"https:\/\/gaf.kleve.de\/hp\/4052-2\/#breadcrumb"},"inLanguage":"de","potentialAction":[{"@type":"ReadAction","target":["https:\/\/gaf.kleve.de\/hp\/4052-2\/"]}]},{"@type":"ImageObject","inLanguage":"de","@id":"https:\/\/gaf.kleve.de\/hp\/4052-2\/#primaryimage","url":"https:\/\/gaf.kleve.de\/hp\/wp-content\/uploads\/gesamtschule-am-forstgarten-benefiz-orgel-konzert02.jpg","contentUrl":"https:\/\/gaf.kleve.de\/hp\/wp-content\/uploads\/gesamtschule-am-forstgarten-benefiz-orgel-konzert02.jpg","width":908,"height":1286,"caption":"gesamtschule-am-forstgarten-benefiz-orgel-konzert02"},{"@type":"BreadcrumbList","@id":"https:\/\/gaf.kleve.de\/hp\/4052-2\/#breadcrumb","itemListElement":[{"@type":"ListItem","position":1,"name":"Startseite","item":"https:\/\/gaf.kleve.de\/hp\/"},{"@type":"ListItem","position":2,"name":"Benefiz-Orgel-Konzert in N\u00fctterden am 16. Juni"}]},{"@type":"WebSite","@id":"https:\/\/gaf.kleve.de\/hp\/#website","url":"https:\/\/gaf.kleve.de\/hp\/","name":"Gesamtschule am Forstgarten - Voneinander und miteinander lernen in Kleves gr\u00fcner Mitte","description":"Gesamtschule am Forstgarten - Voneinander und miteinander lernen in Kleves gr\u00fcner Mitte","publisher":{"@id":"https:\/\/gaf.kleve.de\/hp\/#organization"},"potentialAction":[{"@type":"SearchAction","target":{"@type":"EntryPoint","urlTemplate":"https:\/\/gaf.kleve.de\/hp\/?s={search_term_string}"},"query-input":{"@type":"PropertyValueSpecification","valueRequired":true,"valueName":"search_term_string"}}],"inLanguage":"de"},{"@type":"Organization","@id":"https:\/\/gaf.kleve.de\/hp\/#organization","name":"Gesamtschule am Forstgarten Kleve","url":"https:\/\/gaf.kleve.de\/hp\/","logo":{"@type":"ImageObject","inLanguage":"de","@id":"https:\/\/gaf.kleve.de\/hp\/#\/schema\/logo\/image\/","url":"https:\/\/gaf.kleve.de\/hp\/wp-content\/uploads\/2023\/05\/Logo_GaF_RGB.png","contentUrl":"https:\/\/gaf.kleve.de\/hp\/wp-content\/uploads\/2023\/05\/Logo_GaF_RGB.png","width":500,"height":286,"caption":"Gesamtschule am Forstgarten Kleve"},"image":{"@id":"https:\/\/gaf.kleve.de\/hp\/#\/schema\/logo\/image\/"},"sameAs":["https:\/\/www.instagram.com\/gaf_gesamtschuleamforstgarten\/"]},{"@type":"Person","@id":"https:\/\/gaf.kleve.de\/hp\/#\/schema\/person\/e62f2ab9d8b33dd1f62c233bad2285a3","name":"Martin Leurs","url":"https:\/\/gaf.kleve.de\/hp\/author\/martin_leurs\/"}]}},"_links":{"self":[{"href":"https:\/\/gaf.kleve.de\/hp\/wp-json\/wp\/v2\/posts\/4052","targetHints":{"allow":["GET"]}}],"collection":[{"href":"https:\/\/gaf.kleve.de\/hp\/wp-json\/wp\/v2\/posts"}],"about":[{"href":"https:\/\/gaf.kleve.de\/hp\/wp-json\/wp\/v2\/types\/post"}],"author":[{"embeddable":true,"href":"https:\/\/gaf.kleve.de\/hp\/wp-json\/wp\/v2\/users\/2"}],"replies":[{"embeddable":true,"href":"https:\/\/gaf.kleve.de\/hp\/wp-json\/wp\/v2\/comments?post=4052"}],"version-history":[{"count":6,"href":"https:\/\/gaf.kleve.de\/hp\/wp-json\/wp\/v2\/posts\/4052\/revisions"}],"predecessor-version":[{"id":4066,"href":"https:\/\/gaf.kleve.de\/hp\/wp-json\/wp\/v2\/posts\/4052\/revisions\/4066"}],"wp:featuredmedia":[{"embeddable":true,"href":"https:\/\/gaf.kleve.de\/hp\/wp-json\/wp\/v2\/media\/4057"}],"wp:attachment":[{"href":"https:\/\/gaf.kleve.de\/hp\/wp-json\/wp\/v2\/media?parent=4052"}],"wp:term":[{"taxonomy":"category","embeddable":true,"href":"https:\/\/gaf.kleve.de\/hp\/wp-json\/wp\/v2\/categories?post=4052"},{"taxonomy":"post_tag","embeddable":true,"href":"https:\/\/gaf.kleve.de\/hp\/wp-json\/wp\/v2\/tags?post=4052"}],"curies":[{"name":"wp","href":"https:\/\/api.w.org\/{rel}","templated":true}]}}