{"id":4316,"date":"2024-07-03T15:11:48","date_gmt":"2024-07-03T13:11:48","guid":{"rendered":"https:\/\/gaf.kleve.de\/hp\/?p=4316"},"modified":"2024-08-22T10:21:36","modified_gmt":"2024-08-22T08:21:36","slug":"4316-2","status":"publish","type":"post","link":"https:\/\/gaf.kleve.de\/hp\/4316-2\/","title":{"rendered":"Besuch aus den USA"},"content":{"rendered":"<p>[et_pb_section fb_built=&#8220;1&#8243; _builder_version=&#8220;4.25.2&#8243; _module_preset=&#8220;default&#8220; da_disable_devices=&#8220;off|off|off&#8220; global_colors_info=&#8220;{}&#8220; da_is_popup=&#8220;off&#8220; da_exit_intent=&#8220;off&#8220; da_has_close=&#8220;on&#8220; da_alt_close=&#8220;off&#8220; da_dark_close=&#8220;off&#8220; da_not_modal=&#8220;on&#8220; da_is_singular=&#8220;off&#8220; da_with_loader=&#8220;off&#8220; da_has_shadow=&#8220;on&#8220;][et_pb_row _builder_version=&#8220;4.25.2&#8243; _module_preset=&#8220;default&#8220; global_colors_info=&#8220;{}&#8220;][et_pb_column type=&#8220;4_4&#8243; _builder_version=&#8220;4.25.2&#8243; _module_preset=&#8220;default&#8220; global_colors_info=&#8220;{}&#8220;][et_pb_text _builder_version=&#8220;4.25.2&#8243; _module_preset=&#8220;default&#8220; global_colors_info=&#8220;{}&#8220;]<\/p>\n<p>Erstmalig besuchten 10 Sch\u00fclerInnen aus den USA Ende Juni 14 Tage lang die GaF. Die 15 &#8211; 17 J\u00e4hrigen aus dem Osten der Staaten waren in Gastfamilien untergebracht und erlebten \u201edas volle Programm\u201c: Familienleben, Schulalltag, Public VIewing bei der Fu\u00dfball-Europameisterschaft, die Ausstellung im Oberhausener Gasometer, den Landschaftspark Duisburg, das APX, den Xantener Dom und Schloss Moyland, die Niers per Paddelboot und den Rhein auf einem Ausflugsdampfer, Spaghetti-Eis und Fassbrause, ungewollte Rundreisen mit Bus und Bahn, sie lernten UNO spielen und spielten Volleyball in der Xantener S\u00fcdsee. All diese Erfahrungen machten sie allerdings nicht alleine, sondern mit einer immer gr\u00f6\u00dfer werdenden Schar von Mitsch\u00fclerInnen aus den Klassen 9 \u2013 11. Nicht nur die Gastgeber\u201cgeschwister\u201c waren Teil der Ausfl\u00fcge und Aktivit\u00e4ten, sondern durch neue Kontakte kamen immer mehr Leute hinzu und das gab ein tolles Gemeinschaftsgef\u00fchl.<br \/>Langeweile gab es nicht, daf\u00fcr kurze N\u00e4chte, viel Gel\u00e4chter und nach Dauerregen in der 1. Woche Sonnenschein in der 2. Woche.<\/p>\n<p>Natasha Bedingfields \u201eUnwritten\u201c\u00a0 wurde zum Song der Gruppe und war mehrstimmig a capella bei vielen Gelegenheiten zu h\u00f6ren, so auch am letzten Abend beim gro\u00dfen Abschiedsgrillen im Schulgarten.<\/p>\n<blockquote>\n<p>\u201cLive your life with arms wide open<br \/>Today is where your book begins<br \/>The rest is still unwritten\u201d<\/p>\n<\/blockquote>\n<p>Hoffen wir, dass aus der 1. AATG Niederrheintour die Niederrheintour 2024 wird und ihr die Niederrheintour 2025 folgt.<\/p>\n<p>[\/et_pb_text][et_pb_gallery gallery_ids=&#8220;4319&#8243; show_title_and_caption=&#8220;off&#8220; show_pagination=&#8220;off&#8220; _builder_version=&#8220;4.25.2&#8243; _module_preset=&#8220;default&#8220; global_colors_info=&#8220;{}&#8220;][\/et_pb_gallery][\/et_pb_column][\/et_pb_row][\/et_pb_section]<\/p>\n","protected":false},"excerpt":{"rendered":"<p>Erstmalig besuchten 10 Sch\u00fclerInnen aus den USA Ende Juni 14 Tage lang die GaF. Die 15 &#8211; 17 J\u00e4hrigen aus dem Osten der Staaten waren in Gastfamilien untergebracht und erlebten \u201edas volle Programm\u201c: Familienleben, Schulalltag, Public VIewing bei der Fu\u00dfball-Europameisterschaft, die Ausstellung im Oberhausener Gasometer, den Landschaftspark Duisburg, das APX, den Xantener Dom und Schloss [&hellip;]<\/p>\n","protected":false},"author":2,"featured_media":4319,"comment_status":"closed","ping_status":"closed","sticky":false,"template":"","format":"standard","meta":{"_et_pb_use_builder":"on","_et_pb_old_content":"","_et_gb_content_width":"","footnotes":""},"categories":[1,12],"tags":[],"class_list":["post-4316","post","type-post","status-publish","format-standard","has-post-thumbnail","hentry","category-allgemein","category-sprachen"],"yoast_head":"<!-- This site is optimized with the Yoast SEO plugin v27.4 - https:\/\/yoast.com\/product\/yoast-seo-wordpress\/ -->\n<title>Besuch aus den USA - Gesamtschule am Forstgarten Kleve<\/title>\n<meta name=\"robots\" content=\"index, follow, max-snippet:-1, max-image-preview:large, max-video-preview:-1\" \/>\n<link rel=\"canonical\" href=\"https:\/\/gaf.kleve.de\/hp\/4316-2\/\" \/>\n<meta property=\"og:locale\" content=\"de_DE\" \/>\n<meta property=\"og:type\" content=\"article\" \/>\n<meta property=\"og:title\" content=\"Besuch aus den USA - Gesamtschule am Forstgarten Kleve\" \/>\n<meta property=\"og:description\" content=\"Erstmalig besuchten 10 Sch\u00fclerInnen aus den USA Ende Juni 14 Tage lang die GaF. Die 15 - 17 J\u00e4hrigen aus dem Osten der Staaten waren in Gastfamilien untergebracht und erlebten \u201edas volle Programm\u201c: Familienleben, Schulalltag, Public VIewing bei der Fu\u00dfball-Europameisterschaft, die Ausstellung im Oberhausener Gasometer, den Landschaftspark Duisburg, das APX, den Xantener Dom und Schloss [&hellip;]\" \/>\n<meta property=\"og:url\" content=\"https:\/\/gaf.kleve.de\/hp\/4316-2\/\" \/>\n<meta property=\"og:site_name\" content=\"Gesamtschule am Forstgarten Kleve\" \/>\n<meta property=\"article:published_time\" content=\"2024-07-03T13:11:48+00:00\" \/>\n<meta property=\"article:modified_time\" content=\"2024-08-22T08:21:36+00:00\" \/>\n<meta property=\"og:image\" content=\"https:\/\/gaf.kleve.de\/hp\/wp-content\/uploads\/gesamtschule_am_forstgarten_24_USA.jpg\" \/>\n\t<meta property=\"og:image:width\" content=\"2000\" \/>\n\t<meta property=\"og:image:height\" content=\"1500\" \/>\n\t<meta property=\"og:image:type\" content=\"image\/jpeg\" \/>\n<meta name=\"author\" content=\"Martin Leurs\" \/>\n<meta name=\"twitter:card\" content=\"summary_large_image\" \/>\n<meta name=\"twitter:label1\" content=\"Verfasst von\" \/>\n\t<meta name=\"twitter:data1\" content=\"Martin Leurs\" \/>\n<script type=\"application\/ld+json\" class=\"yoast-schema-graph\">{\"@context\":\"https:\\\/\\\/schema.org\",\"@graph\":[{\"@type\":\"Article\",\"@id\":\"https:\\\/\\\/gaf.kleve.de\\\/hp\\\/4316-2\\\/#article\",\"isPartOf\":{\"@id\":\"https:\\\/\\\/gaf.kleve.de\\\/hp\\\/4316-2\\\/\"},\"author\":{\"name\":\"Martin Leurs\",\"@id\":\"https:\\\/\\\/gaf.kleve.de\\\/hp\\\/#\\\/schema\\\/person\\\/e62f2ab9d8b33dd1f62c233bad2285a3\"},\"headline\":\"Besuch aus den USA\",\"datePublished\":\"2024-07-03T13:11:48+00:00\",\"dateModified\":\"2024-08-22T08:21:36+00:00\",\"mainEntityOfPage\":{\"@id\":\"https:\\\/\\\/gaf.kleve.de\\\/hp\\\/4316-2\\\/\"},\"wordCount\":349,\"publisher\":{\"@id\":\"https:\\\/\\\/gaf.kleve.de\\\/hp\\\/#organization\"},\"image\":{\"@id\":\"https:\\\/\\\/gaf.kleve.de\\\/hp\\\/4316-2\\\/#primaryimage\"},\"thumbnailUrl\":\"https:\\\/\\\/gaf.kleve.de\\\/hp\\\/wp-content\\\/uploads\\\/gesamtschule_am_forstgarten_24_USA.jpg\",\"articleSection\":{\"1\":\"Sprachen\"},\"inLanguage\":\"de\"},{\"@type\":\"WebPage\",\"@id\":\"https:\\\/\\\/gaf.kleve.de\\\/hp\\\/4316-2\\\/\",\"url\":\"https:\\\/\\\/gaf.kleve.de\\\/hp\\\/4316-2\\\/\",\"name\":\"Besuch aus den USA - Gesamtschule am Forstgarten Kleve\",\"isPartOf\":{\"@id\":\"https:\\\/\\\/gaf.kleve.de\\\/hp\\\/#website\"},\"primaryImageOfPage\":{\"@id\":\"https:\\\/\\\/gaf.kleve.de\\\/hp\\\/4316-2\\\/#primaryimage\"},\"image\":{\"@id\":\"https:\\\/\\\/gaf.kleve.de\\\/hp\\\/4316-2\\\/#primaryimage\"},\"thumbnailUrl\":\"https:\\\/\\\/gaf.kleve.de\\\/hp\\\/wp-content\\\/uploads\\\/gesamtschule_am_forstgarten_24_USA.jpg\",\"datePublished\":\"2024-07-03T13:11:48+00:00\",\"dateModified\":\"2024-08-22T08:21:36+00:00\",\"breadcrumb\":{\"@id\":\"https:\\\/\\\/gaf.kleve.de\\\/hp\\\/4316-2\\\/#breadcrumb\"},\"inLanguage\":\"de\",\"potentialAction\":[{\"@type\":\"ReadAction\",\"target\":[\"https:\\\/\\\/gaf.kleve.de\\\/hp\\\/4316-2\\\/\"]}]},{\"@type\":\"ImageObject\",\"inLanguage\":\"de\",\"@id\":\"https:\\\/\\\/gaf.kleve.de\\\/hp\\\/4316-2\\\/#primaryimage\",\"url\":\"https:\\\/\\\/gaf.kleve.de\\\/hp\\\/wp-content\\\/uploads\\\/gesamtschule_am_forstgarten_24_USA.jpg\",\"contentUrl\":\"https:\\\/\\\/gaf.kleve.de\\\/hp\\\/wp-content\\\/uploads\\\/gesamtschule_am_forstgarten_24_USA.jpg\",\"width\":2000,\"height\":1500},{\"@type\":\"BreadcrumbList\",\"@id\":\"https:\\\/\\\/gaf.kleve.de\\\/hp\\\/4316-2\\\/#breadcrumb\",\"itemListElement\":[{\"@type\":\"ListItem\",\"position\":1,\"name\":\"Startseite\",\"item\":\"https:\\\/\\\/gaf.kleve.de\\\/hp\\\/\"},{\"@type\":\"ListItem\",\"position\":2,\"name\":\"Besuch aus den USA\"}]},{\"@type\":\"WebSite\",\"@id\":\"https:\\\/\\\/gaf.kleve.de\\\/hp\\\/#website\",\"url\":\"https:\\\/\\\/gaf.kleve.de\\\/hp\\\/\",\"name\":\"Gesamtschule am Forstgarten - Voneinander und miteinander lernen in Kleves gr\u00fcner Mitte\",\"description\":\"Gesamtschule am Forstgarten - Voneinander und miteinander lernen in Kleves gr\u00fcner Mitte\",\"publisher\":{\"@id\":\"https:\\\/\\\/gaf.kleve.de\\\/hp\\\/#organization\"},\"potentialAction\":[{\"@type\":\"SearchAction\",\"target\":{\"@type\":\"EntryPoint\",\"urlTemplate\":\"https:\\\/\\\/gaf.kleve.de\\\/hp\\\/?s={search_term_string}\"},\"query-input\":{\"@type\":\"PropertyValueSpecification\",\"valueRequired\":true,\"valueName\":\"search_term_string\"}}],\"inLanguage\":\"de\"},{\"@type\":\"Organization\",\"@id\":\"https:\\\/\\\/gaf.kleve.de\\\/hp\\\/#organization\",\"name\":\"Gesamtschule am Forstgarten Kleve\",\"url\":\"https:\\\/\\\/gaf.kleve.de\\\/hp\\\/\",\"logo\":{\"@type\":\"ImageObject\",\"inLanguage\":\"de\",\"@id\":\"https:\\\/\\\/gaf.kleve.de\\\/hp\\\/#\\\/schema\\\/logo\\\/image\\\/\",\"url\":\"https:\\\/\\\/gaf.kleve.de\\\/hp\\\/wp-content\\\/uploads\\\/2023\\\/05\\\/Logo_GaF_RGB.png\",\"contentUrl\":\"https:\\\/\\\/gaf.kleve.de\\\/hp\\\/wp-content\\\/uploads\\\/2023\\\/05\\\/Logo_GaF_RGB.png\",\"width\":500,\"height\":286,\"caption\":\"Gesamtschule am Forstgarten Kleve\"},\"image\":{\"@id\":\"https:\\\/\\\/gaf.kleve.de\\\/hp\\\/#\\\/schema\\\/logo\\\/image\\\/\"},\"sameAs\":[\"https:\\\/\\\/www.instagram.com\\\/gaf_gesamtschuleamforstgarten\\\/\"]},{\"@type\":\"Person\",\"@id\":\"https:\\\/\\\/gaf.kleve.de\\\/hp\\\/#\\\/schema\\\/person\\\/e62f2ab9d8b33dd1f62c233bad2285a3\",\"name\":\"Martin Leurs\",\"url\":\"https:\\\/\\\/gaf.kleve.de\\\/hp\\\/author\\\/martin_leurs\\\/\"}]}<\/script>\n<!-- \/ Yoast SEO plugin. -->","yoast_head_json":{"title":"Besuch aus den USA - Gesamtschule am Forstgarten Kleve","robots":{"index":"index","follow":"follow","max-snippet":"max-snippet:-1","max-image-preview":"max-image-preview:large","max-video-preview":"max-video-preview:-1"},"canonical":"https:\/\/gaf.kleve.de\/hp\/4316-2\/","og_locale":"de_DE","og_type":"article","og_title":"Besuch aus den USA - Gesamtschule am Forstgarten Kleve","og_description":"Erstmalig besuchten 10 Sch\u00fclerInnen aus den USA Ende Juni 14 Tage lang die GaF. Die 15 - 17 J\u00e4hrigen aus dem Osten der Staaten waren in Gastfamilien untergebracht und erlebten \u201edas volle Programm\u201c: Familienleben, Schulalltag, Public VIewing bei der Fu\u00dfball-Europameisterschaft, die Ausstellung im Oberhausener Gasometer, den Landschaftspark Duisburg, das APX, den Xantener Dom und Schloss [&hellip;]","og_url":"https:\/\/gaf.kleve.de\/hp\/4316-2\/","og_site_name":"Gesamtschule am Forstgarten Kleve","article_published_time":"2024-07-03T13:11:48+00:00","article_modified_time":"2024-08-22T08:21:36+00:00","og_image":[{"width":2000,"height":1500,"url":"https:\/\/gaf.kleve.de\/hp\/wp-content\/uploads\/gesamtschule_am_forstgarten_24_USA.jpg","type":"image\/jpeg"}],"author":"Martin Leurs","twitter_card":"summary_large_image","twitter_misc":{"Verfasst von":"Martin Leurs"},"schema":{"@context":"https:\/\/schema.org","@graph":[{"@type":"Article","@id":"https:\/\/gaf.kleve.de\/hp\/4316-2\/#article","isPartOf":{"@id":"https:\/\/gaf.kleve.de\/hp\/4316-2\/"},"author":{"name":"Martin Leurs","@id":"https:\/\/gaf.kleve.de\/hp\/#\/schema\/person\/e62f2ab9d8b33dd1f62c233bad2285a3"},"headline":"Besuch aus den USA","datePublished":"2024-07-03T13:11:48+00:00","dateModified":"2024-08-22T08:21:36+00:00","mainEntityOfPage":{"@id":"https:\/\/gaf.kleve.de\/hp\/4316-2\/"},"wordCount":349,"publisher":{"@id":"https:\/\/gaf.kleve.de\/hp\/#organization"},"image":{"@id":"https:\/\/gaf.kleve.de\/hp\/4316-2\/#primaryimage"},"thumbnailUrl":"https:\/\/gaf.kleve.de\/hp\/wp-content\/uploads\/gesamtschule_am_forstgarten_24_USA.jpg","articleSection":{"1":"Sprachen"},"inLanguage":"de"},{"@type":"WebPage","@id":"https:\/\/gaf.kleve.de\/hp\/4316-2\/","url":"https:\/\/gaf.kleve.de\/hp\/4316-2\/","name":"Besuch aus den USA - Gesamtschule am Forstgarten Kleve","isPartOf":{"@id":"https:\/\/gaf.kleve.de\/hp\/#website"},"primaryImageOfPage":{"@id":"https:\/\/gaf.kleve.de\/hp\/4316-2\/#primaryimage"},"image":{"@id":"https:\/\/gaf.kleve.de\/hp\/4316-2\/#primaryimage"},"thumbnailUrl":"https:\/\/gaf.kleve.de\/hp\/wp-content\/uploads\/gesamtschule_am_forstgarten_24_USA.jpg","datePublished":"2024-07-03T13:11:48+00:00","dateModified":"2024-08-22T08:21:36+00:00","breadcrumb":{"@id":"https:\/\/gaf.kleve.de\/hp\/4316-2\/#breadcrumb"},"inLanguage":"de","potentialAction":[{"@type":"ReadAction","target":["https:\/\/gaf.kleve.de\/hp\/4316-2\/"]}]},{"@type":"ImageObject","inLanguage":"de","@id":"https:\/\/gaf.kleve.de\/hp\/4316-2\/#primaryimage","url":"https:\/\/gaf.kleve.de\/hp\/wp-content\/uploads\/gesamtschule_am_forstgarten_24_USA.jpg","contentUrl":"https:\/\/gaf.kleve.de\/hp\/wp-content\/uploads\/gesamtschule_am_forstgarten_24_USA.jpg","width":2000,"height":1500},{"@type":"BreadcrumbList","@id":"https:\/\/gaf.kleve.de\/hp\/4316-2\/#breadcrumb","itemListElement":[{"@type":"ListItem","position":1,"name":"Startseite","item":"https:\/\/gaf.kleve.de\/hp\/"},{"@type":"ListItem","position":2,"name":"Besuch aus den USA"}]},{"@type":"WebSite","@id":"https:\/\/gaf.kleve.de\/hp\/#website","url":"https:\/\/gaf.kleve.de\/hp\/","name":"Gesamtschule am Forstgarten - Voneinander und miteinander lernen in Kleves gr\u00fcner Mitte","description":"Gesamtschule am Forstgarten - Voneinander und miteinander lernen in Kleves gr\u00fcner Mitte","publisher":{"@id":"https:\/\/gaf.kleve.de\/hp\/#organization"},"potentialAction":[{"@type":"SearchAction","target":{"@type":"EntryPoint","urlTemplate":"https:\/\/gaf.kleve.de\/hp\/?s={search_term_string}"},"query-input":{"@type":"PropertyValueSpecification","valueRequired":true,"valueName":"search_term_string"}}],"inLanguage":"de"},{"@type":"Organization","@id":"https:\/\/gaf.kleve.de\/hp\/#organization","name":"Gesamtschule am Forstgarten Kleve","url":"https:\/\/gaf.kleve.de\/hp\/","logo":{"@type":"ImageObject","inLanguage":"de","@id":"https:\/\/gaf.kleve.de\/hp\/#\/schema\/logo\/image\/","url":"https:\/\/gaf.kleve.de\/hp\/wp-content\/uploads\/2023\/05\/Logo_GaF_RGB.png","contentUrl":"https:\/\/gaf.kleve.de\/hp\/wp-content\/uploads\/2023\/05\/Logo_GaF_RGB.png","width":500,"height":286,"caption":"Gesamtschule am Forstgarten Kleve"},"image":{"@id":"https:\/\/gaf.kleve.de\/hp\/#\/schema\/logo\/image\/"},"sameAs":["https:\/\/www.instagram.com\/gaf_gesamtschuleamforstgarten\/"]},{"@type":"Person","@id":"https:\/\/gaf.kleve.de\/hp\/#\/schema\/person\/e62f2ab9d8b33dd1f62c233bad2285a3","name":"Martin Leurs","url":"https:\/\/gaf.kleve.de\/hp\/author\/martin_leurs\/"}]}},"_links":{"self":[{"href":"https:\/\/gaf.kleve.de\/hp\/wp-json\/wp\/v2\/posts\/4316","targetHints":{"allow":["GET"]}}],"collection":[{"href":"https:\/\/gaf.kleve.de\/hp\/wp-json\/wp\/v2\/posts"}],"about":[{"href":"https:\/\/gaf.kleve.de\/hp\/wp-json\/wp\/v2\/types\/post"}],"author":[{"embeddable":true,"href":"https:\/\/gaf.kleve.de\/hp\/wp-json\/wp\/v2\/users\/2"}],"replies":[{"embeddable":true,"href":"https:\/\/gaf.kleve.de\/hp\/wp-json\/wp\/v2\/comments?post=4316"}],"version-history":[{"count":5,"href":"https:\/\/gaf.kleve.de\/hp\/wp-json\/wp\/v2\/posts\/4316\/revisions"}],"predecessor-version":[{"id":4448,"href":"https:\/\/gaf.kleve.de\/hp\/wp-json\/wp\/v2\/posts\/4316\/revisions\/4448"}],"wp:featuredmedia":[{"embeddable":true,"href":"https:\/\/gaf.kleve.de\/hp\/wp-json\/wp\/v2\/media\/4319"}],"wp:attachment":[{"href":"https:\/\/gaf.kleve.de\/hp\/wp-json\/wp\/v2\/media?parent=4316"}],"wp:term":[{"taxonomy":"category","embeddable":true,"href":"https:\/\/gaf.kleve.de\/hp\/wp-json\/wp\/v2\/categories?post=4316"},{"taxonomy":"post_tag","embeddable":true,"href":"https:\/\/gaf.kleve.de\/hp\/wp-json\/wp\/v2\/tags?post=4316"}],"curies":[{"name":"wp","href":"https:\/\/api.w.org\/{rel}","templated":true}]}}