{"id":4754,"date":"2025-10-31T09:02:41","date_gmt":"2025-10-31T08:02:41","guid":{"rendered":"https:\/\/gaf.kleve.de\/hp\/?p=4754"},"modified":"2026-03-05T17:06:45","modified_gmt":"2026-03-05T16:06:45","slug":"4754-2","status":"publish","type":"post","link":"https:\/\/gaf.kleve.de\/hp\/4754-2\/","title":{"rendered":"Informationen zum Anmeldeverfahren f\u00fcr den Jahrgang 5 im Schuljahr 2026\/2027"},"content":{"rendered":"<p>[et_pb_section fb_built=&#8220;1&#8243; _builder_version=&#8220;4.27.0&#8243; _module_preset=&#8220;default&#8220; da_disable_devices=&#8220;off|off|off&#8220; global_colors_info=&#8220;{}&#8220; da_is_popup=&#8220;off&#8220; da_exit_intent=&#8220;off&#8220; da_has_close=&#8220;on&#8220; da_alt_close=&#8220;off&#8220; da_dark_close=&#8220;off&#8220; da_not_modal=&#8220;on&#8220; da_is_singular=&#8220;off&#8220; da_with_loader=&#8220;off&#8220; da_has_shadow=&#8220;on&#8220;][et_pb_row _builder_version=&#8220;4.27.0&#8243; _module_preset=&#8220;default&#8220; global_colors_info=&#8220;{}&#8220;][et_pb_column type=&#8220;4_4&#8243; _builder_version=&#8220;4.27.0&#8243; _module_preset=&#8220;default&#8220; global_colors_info=&#8220;{}&#8220;][et_pb_text _builder_version=&#8220;4.27.5&#8243; _module_preset=&#8220;default&#8220; hover_enabled=&#8220;0&#8243; global_colors_info=&#8220;{}&#8220; sticky_enabled=&#8220;0&#8243;]<\/p>\n<h2><span style=\"font-size: 18px;\"><strong>Informationen zum Anmeldeverfahren f\u00fcr den Jahrgang 5 im Schuljahr 2026\/2027<\/strong><\/span><\/h2>\n<p>Auch in diesem Jahr gibt es wieder zwei<strong> Informationsveranstaltungen.<br \/><\/strong><br \/>&#8211; <strong>Elterninformationsabend<\/strong> am Mittwoch, 03.12.2025 um 19:00 Uhr.<br \/>&#8211; <strong>Tag der offenen T\u00fcr<\/strong> am Samstag, 06.12.2025 von 10:00 bis 14:00 Uhr.<\/p>\n<p>Mit dem Besuch dieser beiden Veranstaltungen sind Sie umfassend \u00fcber unsere Schule und ihr Konzept informiert. Sollten Sie <strong>weitergehenden Informations- oder Beratungsbedarf <\/strong>haben, oder einen individuellen Termin zur Beratung und Schulf\u00fchrung verabreden m\u00f6chten, wenden Sie sich gerne an <strong>manon.schwers@ge.kleve.de<\/strong>.<\/p>\n<p><strong>Die Anmeldungen<\/strong> erfolgen am<br \/>Freitag, 27.02.2026 von 14:00 Uhr bis 17.00 Uhr<br \/>Samstag, 28.02.2026 von 10:00 Uhr bis 14:00 Uhr<br \/>Montag, 02.03.2026 von 14:00 Uhr bis 17:00 Uhr<br \/>Dienstag, 03.03.2026 von 14:00 Uhr bis 17:00 Uhr<br \/>Mittwoch, 04.03.2026 von 14:00 Uhr bis 17:00 Uhr<\/p>\n<p><strong>Unter folgenden Links k\u00f6nnen Sie direkt einen Termin zur Anmeldung buchen<\/strong>, der Ihnen zwischen dem 27.02. und 04.03.2026 l\u00e4ngere Wartezeit erspart.<br \/>Es spielt f\u00fcr den Erfolg Ihrer Anmeldung keinerlei Rolle, welchen der Termine Sie buchen.<\/p>\n<p><a href=\"\thttps:\/\/terminplaner6.dfn.de\/b\/1ef55751839acdd8d1bb4a962a0ed479-1473768\" target=\"_blank\" rel=\"noopener\" title=\"Anmeldetermine f\u00fcr Freitag, den 27.02.\">Link: Anmeldetermine f\u00fcr Freitag, den 27.02.<\/a><br \/><a href=\"https:\/\/terminplaner6.dfn.de\/b\/fcf3df14a52f69a4357d420753a920be-1471653\" target=\"_blank\" rel=\"noopener\" title=\"Anmeldetermine f\u00fcr Samstag, den 28.02.\">Link: Anmeldetermine f\u00fcr Samstag, den 28.02.<\/a><br \/><a href=\"https:\/\/terminplaner6.dfn.de\/b\/24e6c2eb74535ad01a50f9d79b469435-1471646\" title=\"Anmeldetermine f\u00fcr Montag, den 02.03.\" target=\"_blank\" rel=\"noopener\">Link: Anmeldetermine f\u00fcr Montag, den 02.03.<\/a><br \/><a href=\"\thttps:\/\/terminplaner6.dfn.de\/b\/392efa742d9722dd0764ecd8166477c9-1471635\" title=\"Anmeldetermine f\u00fcr Dienstag, den 03.03.\" target=\"_blank\" rel=\"noopener\">Link: Anmeldetermine f\u00fcr Dienstag, den 03.03.<\/a><br \/><a href=\"https:\/\/terminplaner6.dfn.de\/b\/2df6820fcb072ecfa57b8f05fe83824d-1471605\" title=\"Anmeldetermine f\u00fcr Mittwoch, den 04.03.\" target=\"_blank\" rel=\"noopener\">Link: Anmeldetermine f\u00fcr Mittwoch, den 04.03.<\/a><\/p>\n<p><strong>Bitte bringen Sie folgende Unterlagen mit zum Anmeldetermin<\/strong>:<\/p>\n<ul>\n<li>Anmeldeschein der Grundschule<\/li>\n<li>das letzte Zeugnis<\/li>\n<li>Nachweis Masernimpfung<\/li>\n<li>Geburtsurkunde\/Geburtsschein\/Familienstammbuch<\/li>\n<\/ul>\n<h2><span style=\"font-size: 18px;\"><strong>Zusatzinformationen f\u00fcr Sorgeberechtigte von Sch\u00fclernnen und Sch\u00fclern mit festgestelltem sonderp\u00e4dagogischen Unterst\u00fctzungsbedarf<\/strong><\/span><\/h2>\n<p>In der Regel kommen die beiden Informationsveranstaltungen f\u00fcr Sie viel zu sp\u00e4t, da ihre Beratungsgespr\u00e4che an den Grundschulen zum \u00dcbergang in Klasse 5 bereits sehr fr\u00fch terminiert sind.<br \/>Bei Interesse an unserer Schule melden Sie sich gerne bez\u00fcglich einer individuellen Beratung und Schulf\u00fchrung bei unserem Inklusionskoordinator <strong>dominik.moellmann@ge.kleve.de<\/strong>.<br \/>Sollten Sie dann eine Zuweisung zu unserer Schule erhalten, gelten die gleichen Anmeldetermine. Zum Elterninformationsabend und Tag der offenen T\u00fcr sind Sie nat\u00fcrlich herzlich gerne zus\u00e4tzlich eingeladen.<\/p>\n<p>&nbsp;<\/p>\n<p><strong>Informationen zum Anmeldeverfahren f\u00fcr die Gymnasiale Oberstufe finden Sie hier:<\/strong> <a href=\"https:\/\/gaf.kleve.de\/hp\/5907-2\/\">Anmeldung Gymnasiale Oberstufe<\/a><\/p>\n<p>[\/et_pb_text][\/et_pb_column][\/et_pb_row][\/et_pb_section]<\/p>\n","protected":false},"excerpt":{"rendered":"<p>Informationen zum Anmeldeverfahren f\u00fcr den Jahrgang 5 im Schuljahr 2026\/2027 Auch in diesem Jahr gibt es wieder zwei Informationsveranstaltungen.- Elterninformationsabend am Mittwoch, 03.12.2025 um 19:00 Uhr.- Tag der offenen T\u00fcr am Samstag, 06.12.2025 von 10:00 bis 14:00 Uhr. Mit dem Besuch dieser beiden Veranstaltungen sind Sie umfassend \u00fcber unsere Schule und ihr Konzept informiert. Sollten [&hellip;]<\/p>\n","protected":false},"author":2,"featured_media":0,"comment_status":"closed","ping_status":"closed","sticky":true,"template":"","format":"standard","meta":{"_et_pb_use_builder":"on","_et_pb_old_content":"","_et_gb_content_width":"","footnotes":""},"categories":[1],"tags":[],"class_list":["post-4754","post","type-post","status-publish","format-standard","hentry","category-allgemein"],"yoast_head":"<!-- This site is optimized with the Yoast SEO plugin v27.4 - https:\/\/yoast.com\/product\/yoast-seo-wordpress\/ -->\n<title>Informationen zum Anmeldeverfahren f\u00fcr den Jahrgang 5 im Schuljahr 2026\/2027 - Gesamtschule am Forstgarten Kleve<\/title>\n<meta name=\"robots\" content=\"index, follow, max-snippet:-1, max-image-preview:large, max-video-preview:-1\" \/>\n<link rel=\"canonical\" href=\"https:\/\/gaf.kleve.de\/hp\/4754-2\/\" \/>\n<meta property=\"og:locale\" content=\"de_DE\" \/>\n<meta property=\"og:type\" content=\"article\" \/>\n<meta property=\"og:title\" content=\"Informationen zum Anmeldeverfahren f\u00fcr den Jahrgang 5 im Schuljahr 2026\/2027 - Gesamtschule am Forstgarten Kleve\" \/>\n<meta property=\"og:description\" content=\"Informationen zum Anmeldeverfahren f\u00fcr den Jahrgang 5 im Schuljahr 2026\/2027 Auch in diesem Jahr gibt es wieder zwei Informationsveranstaltungen.- Elterninformationsabend am Mittwoch, 03.12.2025 um 19:00 Uhr.- Tag der offenen T\u00fcr am Samstag, 06.12.2025 von 10:00 bis 14:00 Uhr. Mit dem Besuch dieser beiden Veranstaltungen sind Sie umfassend \u00fcber unsere Schule und ihr Konzept informiert. Sollten [&hellip;]\" \/>\n<meta property=\"og:url\" content=\"https:\/\/gaf.kleve.de\/hp\/4754-2\/\" \/>\n<meta property=\"og:site_name\" content=\"Gesamtschule am Forstgarten Kleve\" \/>\n<meta property=\"article:published_time\" content=\"2025-10-31T08:02:41+00:00\" \/>\n<meta property=\"article:modified_time\" content=\"2026-03-05T16:06:45+00:00\" \/>\n<meta name=\"author\" content=\"Martin Leurs\" \/>\n<meta name=\"twitter:card\" content=\"summary_large_image\" \/>\n<meta name=\"twitter:label1\" content=\"Verfasst von\" \/>\n\t<meta name=\"twitter:data1\" content=\"Martin Leurs\" \/>\n<script type=\"application\/ld+json\" class=\"yoast-schema-graph\">{\"@context\":\"https:\\\/\\\/schema.org\",\"@graph\":[{\"@type\":\"Article\",\"@id\":\"https:\\\/\\\/gaf.kleve.de\\\/hp\\\/4754-2\\\/#article\",\"isPartOf\":{\"@id\":\"https:\\\/\\\/gaf.kleve.de\\\/hp\\\/4754-2\\\/\"},\"author\":{\"name\":\"Martin Leurs\",\"@id\":\"https:\\\/\\\/gaf.kleve.de\\\/hp\\\/#\\\/schema\\\/person\\\/e62f2ab9d8b33dd1f62c233bad2285a3\"},\"headline\":\"Informationen zum Anmeldeverfahren f\u00fcr den Jahrgang 5 im Schuljahr 2026\\\/2027\",\"datePublished\":\"2025-10-31T08:02:41+00:00\",\"dateModified\":\"2026-03-05T16:06:45+00:00\",\"mainEntityOfPage\":{\"@id\":\"https:\\\/\\\/gaf.kleve.de\\\/hp\\\/4754-2\\\/\"},\"wordCount\":420,\"publisher\":{\"@id\":\"https:\\\/\\\/gaf.kleve.de\\\/hp\\\/#organization\"},\"inLanguage\":\"de\"},{\"@type\":\"WebPage\",\"@id\":\"https:\\\/\\\/gaf.kleve.de\\\/hp\\\/4754-2\\\/\",\"url\":\"https:\\\/\\\/gaf.kleve.de\\\/hp\\\/4754-2\\\/\",\"name\":\"Informationen zum Anmeldeverfahren f\u00fcr den Jahrgang 5 im Schuljahr 2026\\\/2027 - Gesamtschule am Forstgarten Kleve\",\"isPartOf\":{\"@id\":\"https:\\\/\\\/gaf.kleve.de\\\/hp\\\/#website\"},\"datePublished\":\"2025-10-31T08:02:41+00:00\",\"dateModified\":\"2026-03-05T16:06:45+00:00\",\"breadcrumb\":{\"@id\":\"https:\\\/\\\/gaf.kleve.de\\\/hp\\\/4754-2\\\/#breadcrumb\"},\"inLanguage\":\"de\",\"potentialAction\":[{\"@type\":\"ReadAction\",\"target\":[\"https:\\\/\\\/gaf.kleve.de\\\/hp\\\/4754-2\\\/\"]}]},{\"@type\":\"BreadcrumbList\",\"@id\":\"https:\\\/\\\/gaf.kleve.de\\\/hp\\\/4754-2\\\/#breadcrumb\",\"itemListElement\":[{\"@type\":\"ListItem\",\"position\":1,\"name\":\"Startseite\",\"item\":\"https:\\\/\\\/gaf.kleve.de\\\/hp\\\/\"},{\"@type\":\"ListItem\",\"position\":2,\"name\":\"Informationen zum Anmeldeverfahren f\u00fcr den Jahrgang 5 im Schuljahr 2026\\\/2027\"}]},{\"@type\":\"WebSite\",\"@id\":\"https:\\\/\\\/gaf.kleve.de\\\/hp\\\/#website\",\"url\":\"https:\\\/\\\/gaf.kleve.de\\\/hp\\\/\",\"name\":\"Gesamtschule am Forstgarten - Voneinander und miteinander lernen in Kleves gr\u00fcner Mitte\",\"description\":\"Gesamtschule am Forstgarten - Voneinander und miteinander lernen in Kleves gr\u00fcner Mitte\",\"publisher\":{\"@id\":\"https:\\\/\\\/gaf.kleve.de\\\/hp\\\/#organization\"},\"potentialAction\":[{\"@type\":\"SearchAction\",\"target\":{\"@type\":\"EntryPoint\",\"urlTemplate\":\"https:\\\/\\\/gaf.kleve.de\\\/hp\\\/?s={search_term_string}\"},\"query-input\":{\"@type\":\"PropertyValueSpecification\",\"valueRequired\":true,\"valueName\":\"search_term_string\"}}],\"inLanguage\":\"de\"},{\"@type\":\"Organization\",\"@id\":\"https:\\\/\\\/gaf.kleve.de\\\/hp\\\/#organization\",\"name\":\"Gesamtschule am Forstgarten Kleve\",\"url\":\"https:\\\/\\\/gaf.kleve.de\\\/hp\\\/\",\"logo\":{\"@type\":\"ImageObject\",\"inLanguage\":\"de\",\"@id\":\"https:\\\/\\\/gaf.kleve.de\\\/hp\\\/#\\\/schema\\\/logo\\\/image\\\/\",\"url\":\"https:\\\/\\\/gaf.kleve.de\\\/hp\\\/wp-content\\\/uploads\\\/2023\\\/05\\\/Logo_GaF_RGB.png\",\"contentUrl\":\"https:\\\/\\\/gaf.kleve.de\\\/hp\\\/wp-content\\\/uploads\\\/2023\\\/05\\\/Logo_GaF_RGB.png\",\"width\":500,\"height\":286,\"caption\":\"Gesamtschule am Forstgarten Kleve\"},\"image\":{\"@id\":\"https:\\\/\\\/gaf.kleve.de\\\/hp\\\/#\\\/schema\\\/logo\\\/image\\\/\"},\"sameAs\":[\"https:\\\/\\\/www.instagram.com\\\/gaf_gesamtschuleamforstgarten\\\/\"]},{\"@type\":\"Person\",\"@id\":\"https:\\\/\\\/gaf.kleve.de\\\/hp\\\/#\\\/schema\\\/person\\\/e62f2ab9d8b33dd1f62c233bad2285a3\",\"name\":\"Martin Leurs\",\"url\":\"https:\\\/\\\/gaf.kleve.de\\\/hp\\\/author\\\/martin_leurs\\\/\"}]}<\/script>\n<!-- \/ Yoast SEO plugin. -->","yoast_head_json":{"title":"Informationen zum Anmeldeverfahren f\u00fcr den Jahrgang 5 im Schuljahr 2026\/2027 - Gesamtschule am Forstgarten Kleve","robots":{"index":"index","follow":"follow","max-snippet":"max-snippet:-1","max-image-preview":"max-image-preview:large","max-video-preview":"max-video-preview:-1"},"canonical":"https:\/\/gaf.kleve.de\/hp\/4754-2\/","og_locale":"de_DE","og_type":"article","og_title":"Informationen zum Anmeldeverfahren f\u00fcr den Jahrgang 5 im Schuljahr 2026\/2027 - Gesamtschule am Forstgarten Kleve","og_description":"Informationen zum Anmeldeverfahren f\u00fcr den Jahrgang 5 im Schuljahr 2026\/2027 Auch in diesem Jahr gibt es wieder zwei Informationsveranstaltungen.- Elterninformationsabend am Mittwoch, 03.12.2025 um 19:00 Uhr.- Tag der offenen T\u00fcr am Samstag, 06.12.2025 von 10:00 bis 14:00 Uhr. Mit dem Besuch dieser beiden Veranstaltungen sind Sie umfassend \u00fcber unsere Schule und ihr Konzept informiert. Sollten [&hellip;]","og_url":"https:\/\/gaf.kleve.de\/hp\/4754-2\/","og_site_name":"Gesamtschule am Forstgarten Kleve","article_published_time":"2025-10-31T08:02:41+00:00","article_modified_time":"2026-03-05T16:06:45+00:00","author":"Martin Leurs","twitter_card":"summary_large_image","twitter_misc":{"Verfasst von":"Martin Leurs"},"schema":{"@context":"https:\/\/schema.org","@graph":[{"@type":"Article","@id":"https:\/\/gaf.kleve.de\/hp\/4754-2\/#article","isPartOf":{"@id":"https:\/\/gaf.kleve.de\/hp\/4754-2\/"},"author":{"name":"Martin Leurs","@id":"https:\/\/gaf.kleve.de\/hp\/#\/schema\/person\/e62f2ab9d8b33dd1f62c233bad2285a3"},"headline":"Informationen zum Anmeldeverfahren f\u00fcr den Jahrgang 5 im Schuljahr 2026\/2027","datePublished":"2025-10-31T08:02:41+00:00","dateModified":"2026-03-05T16:06:45+00:00","mainEntityOfPage":{"@id":"https:\/\/gaf.kleve.de\/hp\/4754-2\/"},"wordCount":420,"publisher":{"@id":"https:\/\/gaf.kleve.de\/hp\/#organization"},"inLanguage":"de"},{"@type":"WebPage","@id":"https:\/\/gaf.kleve.de\/hp\/4754-2\/","url":"https:\/\/gaf.kleve.de\/hp\/4754-2\/","name":"Informationen zum Anmeldeverfahren f\u00fcr den Jahrgang 5 im Schuljahr 2026\/2027 - Gesamtschule am Forstgarten Kleve","isPartOf":{"@id":"https:\/\/gaf.kleve.de\/hp\/#website"},"datePublished":"2025-10-31T08:02:41+00:00","dateModified":"2026-03-05T16:06:45+00:00","breadcrumb":{"@id":"https:\/\/gaf.kleve.de\/hp\/4754-2\/#breadcrumb"},"inLanguage":"de","potentialAction":[{"@type":"ReadAction","target":["https:\/\/gaf.kleve.de\/hp\/4754-2\/"]}]},{"@type":"BreadcrumbList","@id":"https:\/\/gaf.kleve.de\/hp\/4754-2\/#breadcrumb","itemListElement":[{"@type":"ListItem","position":1,"name":"Startseite","item":"https:\/\/gaf.kleve.de\/hp\/"},{"@type":"ListItem","position":2,"name":"Informationen zum Anmeldeverfahren f\u00fcr den Jahrgang 5 im Schuljahr 2026\/2027"}]},{"@type":"WebSite","@id":"https:\/\/gaf.kleve.de\/hp\/#website","url":"https:\/\/gaf.kleve.de\/hp\/","name":"Gesamtschule am Forstgarten - Voneinander und miteinander lernen in Kleves gr\u00fcner Mitte","description":"Gesamtschule am Forstgarten - Voneinander und miteinander lernen in Kleves gr\u00fcner Mitte","publisher":{"@id":"https:\/\/gaf.kleve.de\/hp\/#organization"},"potentialAction":[{"@type":"SearchAction","target":{"@type":"EntryPoint","urlTemplate":"https:\/\/gaf.kleve.de\/hp\/?s={search_term_string}"},"query-input":{"@type":"PropertyValueSpecification","valueRequired":true,"valueName":"search_term_string"}}],"inLanguage":"de"},{"@type":"Organization","@id":"https:\/\/gaf.kleve.de\/hp\/#organization","name":"Gesamtschule am Forstgarten Kleve","url":"https:\/\/gaf.kleve.de\/hp\/","logo":{"@type":"ImageObject","inLanguage":"de","@id":"https:\/\/gaf.kleve.de\/hp\/#\/schema\/logo\/image\/","url":"https:\/\/gaf.kleve.de\/hp\/wp-content\/uploads\/2023\/05\/Logo_GaF_RGB.png","contentUrl":"https:\/\/gaf.kleve.de\/hp\/wp-content\/uploads\/2023\/05\/Logo_GaF_RGB.png","width":500,"height":286,"caption":"Gesamtschule am Forstgarten Kleve"},"image":{"@id":"https:\/\/gaf.kleve.de\/hp\/#\/schema\/logo\/image\/"},"sameAs":["https:\/\/www.instagram.com\/gaf_gesamtschuleamforstgarten\/"]},{"@type":"Person","@id":"https:\/\/gaf.kleve.de\/hp\/#\/schema\/person\/e62f2ab9d8b33dd1f62c233bad2285a3","name":"Martin Leurs","url":"https:\/\/gaf.kleve.de\/hp\/author\/martin_leurs\/"}]}},"_links":{"self":[{"href":"https:\/\/gaf.kleve.de\/hp\/wp-json\/wp\/v2\/posts\/4754","targetHints":{"allow":["GET"]}}],"collection":[{"href":"https:\/\/gaf.kleve.de\/hp\/wp-json\/wp\/v2\/posts"}],"about":[{"href":"https:\/\/gaf.kleve.de\/hp\/wp-json\/wp\/v2\/types\/post"}],"author":[{"embeddable":true,"href":"https:\/\/gaf.kleve.de\/hp\/wp-json\/wp\/v2\/users\/2"}],"replies":[{"embeddable":true,"href":"https:\/\/gaf.kleve.de\/hp\/wp-json\/wp\/v2\/comments?post=4754"}],"version-history":[{"count":10,"href":"https:\/\/gaf.kleve.de\/hp\/wp-json\/wp\/v2\/posts\/4754\/revisions"}],"predecessor-version":[{"id":6325,"href":"https:\/\/gaf.kleve.de\/hp\/wp-json\/wp\/v2\/posts\/4754\/revisions\/6325"}],"wp:attachment":[{"href":"https:\/\/gaf.kleve.de\/hp\/wp-json\/wp\/v2\/media?parent=4754"}],"wp:term":[{"taxonomy":"category","embeddable":true,"href":"https:\/\/gaf.kleve.de\/hp\/wp-json\/wp\/v2\/categories?post=4754"},{"taxonomy":"post_tag","embeddable":true,"href":"https:\/\/gaf.kleve.de\/hp\/wp-json\/wp\/v2\/tags?post=4754"}],"curies":[{"name":"wp","href":"https:\/\/api.w.org\/{rel}","templated":true}]}}