{"id":5303,"date":"2025-04-11T22:03:31","date_gmt":"2025-04-11T20:03:31","guid":{"rendered":"https:\/\/gaf.kleve.de\/hp\/?p=5303"},"modified":"2025-05-06T08:45:30","modified_gmt":"2025-05-06T06:45:30","slug":"5303-2","status":"publish","type":"post","link":"https:\/\/gaf.kleve.de\/hp\/5303-2\/","title":{"rendered":"Aktion, Teamgeist und Fairplay"},"content":{"rendered":"<p>[et_pb_section fb_built=&#8220;1&#8243; _builder_version=&#8220;4.27.4&#8243; _module_preset=&#8220;default&#8220; da_disable_devices=&#8220;off|off|off&#8220; global_colors_info=&#8220;{}&#8220; da_is_popup=&#8220;off&#8220; da_exit_intent=&#8220;off&#8220; da_has_close=&#8220;on&#8220; da_alt_close=&#8220;off&#8220; da_dark_close=&#8220;off&#8220; da_not_modal=&#8220;on&#8220; da_is_singular=&#8220;off&#8220; da_with_loader=&#8220;off&#8220; da_has_shadow=&#8220;on&#8220;][et_pb_row _builder_version=&#8220;4.27.4&#8243; _module_preset=&#8220;default&#8220; global_colors_info=&#8220;{}&#8220;][et_pb_column type=&#8220;4_4&#8243; _builder_version=&#8220;4.27.4&#8243; _module_preset=&#8220;default&#8220; global_colors_info=&#8220;{}&#8220;][et_pb_text _builder_version=&#8220;4.27.4&#8243; _module_preset=&#8220;default&#8220; global_colors_info=&#8220;{}&#8220;]<\/p>\n<p><strong>Trixitt begeistert an der Gesamtschule am Forstgarten<\/strong><\/p>\n<p>Einen anderen Sport- und Bewegungstag erlebten 28 Klassen der Jahrg\u00e4nge 5 bis 9 und damit gut 800 Lernende an der Gesamtschule am Forstgarten. Das Team von Trixitt machte Station. Trixitt bietet seit \u00fcber 10 Jahren neue und moderne Sportevents f\u00fcr Schulen an. Dabei h\u00e4ngt der sportliche Erfolg sehr entscheidend von Teamgeist und Fairplay ab, Kompetenzen, die mit in die Wertung einflie\u00dfen.<\/p>\n<p>Erm\u00f6glicht und sportlich erarbeitet haben sich die Sch\u00fclerinnen und Sch\u00fcler diese Aktion fast ganz allein. Der Sponsorenlauf der Schule im vergangenen Herbst brachte n\u00e4mlich ein beachtliches Gesamtergebnis ein. In guter Tradition gingen die erlaufenen Gelder an 3 Zwecke. Einerseits wurde eine wohlt\u00e4tige Organisation unterst\u00fctzt, dann bekam der mitorganisierende F\u00f6rderverein der Schule einen Teil des Geldes und ein Teil kam den Mitlaufenden direkt wieder in Form einer sch\u00f6nen Gemeinschaftsaktion zugute. Diese Aktion sollte Trixitt sein und nun eingel\u00f6st werden. Freundlich unterst\u00fctzt wurde die Sache dar\u00fcber hinaus von den Klever Rotariern.<\/p>\n<p>So staunten die Lernenden am vergangenen Montag nicht schlecht, als sich ihr Schulhof schon zu Schulbeginn ganz anders pr\u00e4sentierte als sonst. 7 riesige, teils aufblasbare, Stationen verteilten sich \u00fcber das gr\u00fcne und sonnige Au\u00dfengel\u00e4nde der Schule. Ein Hindernisparcours, eine sportiche Schie\u00dfbude (Lebendkicker), eine Basketballanlage, der K\u00e4ngurusprung, der Speedmaster und die Zweifelderball-Anlage machten schon beim Ankommen Lust auf Bewegung. Aber zun\u00e4chst gab es ein aktionreiches, gemeinsames Aufw\u00e4rmen zu wumernden B\u00e4ssen aus der Musikanlage.<\/p>\n<p>In der Folge wurden die Teams von den Trixitt-Coaches, dem Kollegium, den schulischen Sporthelfern und dem Sportleistungskurs der Q2 durch den Tag begleitet und lautstark angefeuert. Auch die Klassen sorgten f\u00fcr reichlich Stimmung und Unterst\u00fctzung. Selbst Trommeln kamen dazu zum Einsatz.<\/p>\n<p>Initiator und Sportlehrer Christian Kuffner schaute dann auch hochzufrieden auf den Tag zuzur\u00fcck. \u201eDie Kinder und Jugendlichen fragen mich schon die ganze Zeit, ob Trixitt n\u00e4chstes Jahr wiederkommt.\u201c, gab er lachend zu Protokoll. \u201eDann war es wohl ein Erfolg.\u201c<\/p>\n<p>[\/et_pb_text][et_pb_text _builder_version=&#8220;4.27.4&#8243; _module_preset=&#8220;default&#8220; hover_enabled=&#8220;0&#8243; sticky_enabled=&#8220;0&#8243;]<\/p>\n<p><strong>Ein Bericht der 6e<\/strong><\/p>\n<p>Am 07. April 2025 verbrachte die Klasse 6e einen aufregenden und spa\u00dfigen Vormittag beim Sportevent \u201eTrixitt&#8220;. In einer Reihe kreativer Spiele und Aktivit\u00e4ten stand der Teamgeist der Sch\u00fclerinnen und Sch\u00fcler im Mittelpunkt. Mit viel Freude, Engagement und Lachen meisterten die Sch\u00fclerinnen und Sch\u00fcler die Herausforderungen gemeinsam und st\u00e4rkten dabei ihren Zusammenhalt. Der Vormittag war nicht nur eine Gelegenheit, sportliche F\u00e4higkeiten zu zeigen, sondern auch, sich gegenseitig zu motivieren und als Team zu wachsen.<\/p>\n<p>\u201eMit Teamgeist, Spa\u00df und viel Geschick, wird jeder Tag zum gro\u00dfen Gl\u00fcck, denn mit Trixitt kann jeder Gewinner sein!<\/p>\n<p>Ein herzliches Dankesch\u00f6n an alle, die diesen Tag zu Etwas besonderem gemacht haben.<br \/>Wir freuen uns auf das n\u00e4chste Sportevent an unserer Schule.<\/p>\n<p>[\/et_pb_text][et_pb_gallery gallery_ids=&#8220;5306,5307,5308,5309,5310,5311,5312,5313,5314,5315,5316,5317,5318,5319,5320,5321,5322,5323,5324,5325,5326,5327,5328,5329,5330&#8243; posts_number=&#8220;25&#8243; show_title_and_caption=&#8220;off&#8220; show_pagination=&#8220;off&#8220; _builder_version=&#8220;4.27.4&#8243; _module_preset=&#8220;default&#8220; global_colors_info=&#8220;{}&#8220;][\/et_pb_gallery][\/et_pb_column][\/et_pb_row][\/et_pb_section]<\/p>\n","protected":false},"excerpt":{"rendered":"<p>Trixitt begeistert an der Gesamtschule am Forstgarten Einen anderen Sport- und Bewegungstag erlebten 28 Klassen der Jahrg\u00e4nge 5 bis 9 und damit gut 800 Lernende an der Gesamtschule am Forstgarten. Das Team von Trixitt machte Station. Trixitt bietet seit \u00fcber 10 Jahren neue und moderne Sportevents f\u00fcr Schulen an. Dabei h\u00e4ngt der sportliche Erfolg sehr [&hellip;]<\/p>\n","protected":false},"author":2,"featured_media":5319,"comment_status":"closed","ping_status":"closed","sticky":false,"template":"","format":"standard","meta":{"_et_pb_use_builder":"on","_et_pb_old_content":"","_et_gb_content_width":"","footnotes":""},"categories":[1,53],"tags":[128,127],"class_list":["post-5303","post","type-post","status-publish","format-standard","has-post-thumbnail","hentry","category-allgemein","category-sport","tag-sport-und-bewegungstag","tag-trixitt"],"yoast_head":"<!-- This site is optimized with the Yoast SEO plugin v27.4 - https:\/\/yoast.com\/product\/yoast-seo-wordpress\/ -->\n<title>Aktion, Teamgeist und Fairplay - Gesamtschule am Forstgarten Kleve<\/title>\n<meta name=\"robots\" content=\"index, follow, max-snippet:-1, max-image-preview:large, max-video-preview:-1\" \/>\n<link rel=\"canonical\" href=\"https:\/\/gaf.kleve.de\/hp\/5303-2\/\" \/>\n<meta property=\"og:locale\" content=\"de_DE\" \/>\n<meta property=\"og:type\" content=\"article\" \/>\n<meta property=\"og:title\" content=\"Aktion, Teamgeist und Fairplay - Gesamtschule am Forstgarten Kleve\" \/>\n<meta property=\"og:description\" content=\"Trixitt begeistert an der Gesamtschule am Forstgarten Einen anderen Sport- und Bewegungstag erlebten 28 Klassen der Jahrg\u00e4nge 5 bis 9 und damit gut 800 Lernende an der Gesamtschule am Forstgarten. Das Team von Trixitt machte Station. Trixitt bietet seit \u00fcber 10 Jahren neue und moderne Sportevents f\u00fcr Schulen an. Dabei h\u00e4ngt der sportliche Erfolg sehr [&hellip;]\" \/>\n<meta property=\"og:url\" content=\"https:\/\/gaf.kleve.de\/hp\/5303-2\/\" \/>\n<meta property=\"og:site_name\" content=\"Gesamtschule am Forstgarten Kleve\" \/>\n<meta property=\"article:published_time\" content=\"2025-04-11T20:03:31+00:00\" \/>\n<meta property=\"article:modified_time\" content=\"2025-05-06T06:45:30+00:00\" \/>\n<meta property=\"og:image\" content=\"https:\/\/gaf.kleve.de\/hp\/wp-content\/uploads\/gesamtschule-am-forstgarten-trixitt_014.jpg\" \/>\n\t<meta property=\"og:image:width\" content=\"2000\" \/>\n\t<meta property=\"og:image:height\" content=\"1500\" \/>\n\t<meta property=\"og:image:type\" content=\"image\/jpeg\" \/>\n<meta name=\"author\" content=\"Martin Leurs\" \/>\n<meta name=\"twitter:card\" content=\"summary_large_image\" \/>\n<meta name=\"twitter:label1\" content=\"Verfasst von\" \/>\n\t<meta name=\"twitter:data1\" content=\"Martin Leurs\" \/>\n<script type=\"application\/ld+json\" class=\"yoast-schema-graph\">{\"@context\":\"https:\\\/\\\/schema.org\",\"@graph\":[{\"@type\":\"Article\",\"@id\":\"https:\\\/\\\/gaf.kleve.de\\\/hp\\\/5303-2\\\/#article\",\"isPartOf\":{\"@id\":\"https:\\\/\\\/gaf.kleve.de\\\/hp\\\/5303-2\\\/\"},\"author\":{\"name\":\"Martin Leurs\",\"@id\":\"https:\\\/\\\/gaf.kleve.de\\\/hp\\\/#\\\/schema\\\/person\\\/e62f2ab9d8b33dd1f62c233bad2285a3\"},\"headline\":\"Aktion, Teamgeist und Fairplay\",\"datePublished\":\"2025-04-11T20:03:31+00:00\",\"dateModified\":\"2025-05-06T06:45:30+00:00\",\"mainEntityOfPage\":{\"@id\":\"https:\\\/\\\/gaf.kleve.de\\\/hp\\\/5303-2\\\/\"},\"wordCount\":605,\"publisher\":{\"@id\":\"https:\\\/\\\/gaf.kleve.de\\\/hp\\\/#organization\"},\"image\":{\"@id\":\"https:\\\/\\\/gaf.kleve.de\\\/hp\\\/5303-2\\\/#primaryimage\"},\"thumbnailUrl\":\"https:\\\/\\\/gaf.kleve.de\\\/hp\\\/wp-content\\\/uploads\\\/gesamtschule-am-forstgarten-trixitt_014.jpg\",\"keywords\":[\"Sport- und Bewegungstag\",\"Trixitt\"],\"articleSection\":{\"1\":\"Sport\"},\"inLanguage\":\"de\"},{\"@type\":\"WebPage\",\"@id\":\"https:\\\/\\\/gaf.kleve.de\\\/hp\\\/5303-2\\\/\",\"url\":\"https:\\\/\\\/gaf.kleve.de\\\/hp\\\/5303-2\\\/\",\"name\":\"Aktion, Teamgeist und Fairplay - Gesamtschule am Forstgarten Kleve\",\"isPartOf\":{\"@id\":\"https:\\\/\\\/gaf.kleve.de\\\/hp\\\/#website\"},\"primaryImageOfPage\":{\"@id\":\"https:\\\/\\\/gaf.kleve.de\\\/hp\\\/5303-2\\\/#primaryimage\"},\"image\":{\"@id\":\"https:\\\/\\\/gaf.kleve.de\\\/hp\\\/5303-2\\\/#primaryimage\"},\"thumbnailUrl\":\"https:\\\/\\\/gaf.kleve.de\\\/hp\\\/wp-content\\\/uploads\\\/gesamtschule-am-forstgarten-trixitt_014.jpg\",\"datePublished\":\"2025-04-11T20:03:31+00:00\",\"dateModified\":\"2025-05-06T06:45:30+00:00\",\"breadcrumb\":{\"@id\":\"https:\\\/\\\/gaf.kleve.de\\\/hp\\\/5303-2\\\/#breadcrumb\"},\"inLanguage\":\"de\",\"potentialAction\":[{\"@type\":\"ReadAction\",\"target\":[\"https:\\\/\\\/gaf.kleve.de\\\/hp\\\/5303-2\\\/\"]}]},{\"@type\":\"ImageObject\",\"inLanguage\":\"de\",\"@id\":\"https:\\\/\\\/gaf.kleve.de\\\/hp\\\/5303-2\\\/#primaryimage\",\"url\":\"https:\\\/\\\/gaf.kleve.de\\\/hp\\\/wp-content\\\/uploads\\\/gesamtschule-am-forstgarten-trixitt_014.jpg\",\"contentUrl\":\"https:\\\/\\\/gaf.kleve.de\\\/hp\\\/wp-content\\\/uploads\\\/gesamtschule-am-forstgarten-trixitt_014.jpg\",\"width\":2000,\"height\":1500,\"caption\":\"gesamtschule-am-forstgarten-kleve-trixitt_014\"},{\"@type\":\"BreadcrumbList\",\"@id\":\"https:\\\/\\\/gaf.kleve.de\\\/hp\\\/5303-2\\\/#breadcrumb\",\"itemListElement\":[{\"@type\":\"ListItem\",\"position\":1,\"name\":\"Startseite\",\"item\":\"https:\\\/\\\/gaf.kleve.de\\\/hp\\\/\"},{\"@type\":\"ListItem\",\"position\":2,\"name\":\"Aktion, Teamgeist und Fairplay\"}]},{\"@type\":\"WebSite\",\"@id\":\"https:\\\/\\\/gaf.kleve.de\\\/hp\\\/#website\",\"url\":\"https:\\\/\\\/gaf.kleve.de\\\/hp\\\/\",\"name\":\"Gesamtschule am Forstgarten - Voneinander und miteinander lernen in Kleves gr\u00fcner Mitte\",\"description\":\"Gesamtschule am Forstgarten - Voneinander und miteinander lernen in Kleves gr\u00fcner Mitte\",\"publisher\":{\"@id\":\"https:\\\/\\\/gaf.kleve.de\\\/hp\\\/#organization\"},\"potentialAction\":[{\"@type\":\"SearchAction\",\"target\":{\"@type\":\"EntryPoint\",\"urlTemplate\":\"https:\\\/\\\/gaf.kleve.de\\\/hp\\\/?s={search_term_string}\"},\"query-input\":{\"@type\":\"PropertyValueSpecification\",\"valueRequired\":true,\"valueName\":\"search_term_string\"}}],\"inLanguage\":\"de\"},{\"@type\":\"Organization\",\"@id\":\"https:\\\/\\\/gaf.kleve.de\\\/hp\\\/#organization\",\"name\":\"Gesamtschule am Forstgarten Kleve\",\"url\":\"https:\\\/\\\/gaf.kleve.de\\\/hp\\\/\",\"logo\":{\"@type\":\"ImageObject\",\"inLanguage\":\"de\",\"@id\":\"https:\\\/\\\/gaf.kleve.de\\\/hp\\\/#\\\/schema\\\/logo\\\/image\\\/\",\"url\":\"https:\\\/\\\/gaf.kleve.de\\\/hp\\\/wp-content\\\/uploads\\\/2023\\\/05\\\/Logo_GaF_RGB.png\",\"contentUrl\":\"https:\\\/\\\/gaf.kleve.de\\\/hp\\\/wp-content\\\/uploads\\\/2023\\\/05\\\/Logo_GaF_RGB.png\",\"width\":500,\"height\":286,\"caption\":\"Gesamtschule am Forstgarten Kleve\"},\"image\":{\"@id\":\"https:\\\/\\\/gaf.kleve.de\\\/hp\\\/#\\\/schema\\\/logo\\\/image\\\/\"},\"sameAs\":[\"https:\\\/\\\/www.instagram.com\\\/gaf_gesamtschuleamforstgarten\\\/\"]},{\"@type\":\"Person\",\"@id\":\"https:\\\/\\\/gaf.kleve.de\\\/hp\\\/#\\\/schema\\\/person\\\/e62f2ab9d8b33dd1f62c233bad2285a3\",\"name\":\"Martin Leurs\",\"url\":\"https:\\\/\\\/gaf.kleve.de\\\/hp\\\/author\\\/martin_leurs\\\/\"}]}<\/script>\n<!-- \/ Yoast SEO plugin. -->","yoast_head_json":{"title":"Aktion, Teamgeist und Fairplay - Gesamtschule am Forstgarten Kleve","robots":{"index":"index","follow":"follow","max-snippet":"max-snippet:-1","max-image-preview":"max-image-preview:large","max-video-preview":"max-video-preview:-1"},"canonical":"https:\/\/gaf.kleve.de\/hp\/5303-2\/","og_locale":"de_DE","og_type":"article","og_title":"Aktion, Teamgeist und Fairplay - Gesamtschule am Forstgarten Kleve","og_description":"Trixitt begeistert an der Gesamtschule am Forstgarten Einen anderen Sport- und Bewegungstag erlebten 28 Klassen der Jahrg\u00e4nge 5 bis 9 und damit gut 800 Lernende an der Gesamtschule am Forstgarten. Das Team von Trixitt machte Station. Trixitt bietet seit \u00fcber 10 Jahren neue und moderne Sportevents f\u00fcr Schulen an. Dabei h\u00e4ngt der sportliche Erfolg sehr [&hellip;]","og_url":"https:\/\/gaf.kleve.de\/hp\/5303-2\/","og_site_name":"Gesamtschule am Forstgarten Kleve","article_published_time":"2025-04-11T20:03:31+00:00","article_modified_time":"2025-05-06T06:45:30+00:00","og_image":[{"width":2000,"height":1500,"url":"https:\/\/gaf.kleve.de\/hp\/wp-content\/uploads\/gesamtschule-am-forstgarten-trixitt_014.jpg","type":"image\/jpeg"}],"author":"Martin Leurs","twitter_card":"summary_large_image","twitter_misc":{"Verfasst von":"Martin Leurs"},"schema":{"@context":"https:\/\/schema.org","@graph":[{"@type":"Article","@id":"https:\/\/gaf.kleve.de\/hp\/5303-2\/#article","isPartOf":{"@id":"https:\/\/gaf.kleve.de\/hp\/5303-2\/"},"author":{"name":"Martin Leurs","@id":"https:\/\/gaf.kleve.de\/hp\/#\/schema\/person\/e62f2ab9d8b33dd1f62c233bad2285a3"},"headline":"Aktion, Teamgeist und Fairplay","datePublished":"2025-04-11T20:03:31+00:00","dateModified":"2025-05-06T06:45:30+00:00","mainEntityOfPage":{"@id":"https:\/\/gaf.kleve.de\/hp\/5303-2\/"},"wordCount":605,"publisher":{"@id":"https:\/\/gaf.kleve.de\/hp\/#organization"},"image":{"@id":"https:\/\/gaf.kleve.de\/hp\/5303-2\/#primaryimage"},"thumbnailUrl":"https:\/\/gaf.kleve.de\/hp\/wp-content\/uploads\/gesamtschule-am-forstgarten-trixitt_014.jpg","keywords":["Sport- und Bewegungstag","Trixitt"],"articleSection":{"1":"Sport"},"inLanguage":"de"},{"@type":"WebPage","@id":"https:\/\/gaf.kleve.de\/hp\/5303-2\/","url":"https:\/\/gaf.kleve.de\/hp\/5303-2\/","name":"Aktion, Teamgeist und Fairplay - Gesamtschule am Forstgarten Kleve","isPartOf":{"@id":"https:\/\/gaf.kleve.de\/hp\/#website"},"primaryImageOfPage":{"@id":"https:\/\/gaf.kleve.de\/hp\/5303-2\/#primaryimage"},"image":{"@id":"https:\/\/gaf.kleve.de\/hp\/5303-2\/#primaryimage"},"thumbnailUrl":"https:\/\/gaf.kleve.de\/hp\/wp-content\/uploads\/gesamtschule-am-forstgarten-trixitt_014.jpg","datePublished":"2025-04-11T20:03:31+00:00","dateModified":"2025-05-06T06:45:30+00:00","breadcrumb":{"@id":"https:\/\/gaf.kleve.de\/hp\/5303-2\/#breadcrumb"},"inLanguage":"de","potentialAction":[{"@type":"ReadAction","target":["https:\/\/gaf.kleve.de\/hp\/5303-2\/"]}]},{"@type":"ImageObject","inLanguage":"de","@id":"https:\/\/gaf.kleve.de\/hp\/5303-2\/#primaryimage","url":"https:\/\/gaf.kleve.de\/hp\/wp-content\/uploads\/gesamtschule-am-forstgarten-trixitt_014.jpg","contentUrl":"https:\/\/gaf.kleve.de\/hp\/wp-content\/uploads\/gesamtschule-am-forstgarten-trixitt_014.jpg","width":2000,"height":1500,"caption":"gesamtschule-am-forstgarten-kleve-trixitt_014"},{"@type":"BreadcrumbList","@id":"https:\/\/gaf.kleve.de\/hp\/5303-2\/#breadcrumb","itemListElement":[{"@type":"ListItem","position":1,"name":"Startseite","item":"https:\/\/gaf.kleve.de\/hp\/"},{"@type":"ListItem","position":2,"name":"Aktion, Teamgeist und Fairplay"}]},{"@type":"WebSite","@id":"https:\/\/gaf.kleve.de\/hp\/#website","url":"https:\/\/gaf.kleve.de\/hp\/","name":"Gesamtschule am Forstgarten - Voneinander und miteinander lernen in Kleves gr\u00fcner Mitte","description":"Gesamtschule am Forstgarten - Voneinander und miteinander lernen in Kleves gr\u00fcner Mitte","publisher":{"@id":"https:\/\/gaf.kleve.de\/hp\/#organization"},"potentialAction":[{"@type":"SearchAction","target":{"@type":"EntryPoint","urlTemplate":"https:\/\/gaf.kleve.de\/hp\/?s={search_term_string}"},"query-input":{"@type":"PropertyValueSpecification","valueRequired":true,"valueName":"search_term_string"}}],"inLanguage":"de"},{"@type":"Organization","@id":"https:\/\/gaf.kleve.de\/hp\/#organization","name":"Gesamtschule am Forstgarten Kleve","url":"https:\/\/gaf.kleve.de\/hp\/","logo":{"@type":"ImageObject","inLanguage":"de","@id":"https:\/\/gaf.kleve.de\/hp\/#\/schema\/logo\/image\/","url":"https:\/\/gaf.kleve.de\/hp\/wp-content\/uploads\/2023\/05\/Logo_GaF_RGB.png","contentUrl":"https:\/\/gaf.kleve.de\/hp\/wp-content\/uploads\/2023\/05\/Logo_GaF_RGB.png","width":500,"height":286,"caption":"Gesamtschule am Forstgarten Kleve"},"image":{"@id":"https:\/\/gaf.kleve.de\/hp\/#\/schema\/logo\/image\/"},"sameAs":["https:\/\/www.instagram.com\/gaf_gesamtschuleamforstgarten\/"]},{"@type":"Person","@id":"https:\/\/gaf.kleve.de\/hp\/#\/schema\/person\/e62f2ab9d8b33dd1f62c233bad2285a3","name":"Martin Leurs","url":"https:\/\/gaf.kleve.de\/hp\/author\/martin_leurs\/"}]}},"_links":{"self":[{"href":"https:\/\/gaf.kleve.de\/hp\/wp-json\/wp\/v2\/posts\/5303","targetHints":{"allow":["GET"]}}],"collection":[{"href":"https:\/\/gaf.kleve.de\/hp\/wp-json\/wp\/v2\/posts"}],"about":[{"href":"https:\/\/gaf.kleve.de\/hp\/wp-json\/wp\/v2\/types\/post"}],"author":[{"embeddable":true,"href":"https:\/\/gaf.kleve.de\/hp\/wp-json\/wp\/v2\/users\/2"}],"replies":[{"embeddable":true,"href":"https:\/\/gaf.kleve.de\/hp\/wp-json\/wp\/v2\/comments?post=5303"}],"version-history":[{"count":4,"href":"https:\/\/gaf.kleve.de\/hp\/wp-json\/wp\/v2\/posts\/5303\/revisions"}],"predecessor-version":[{"id":5336,"href":"https:\/\/gaf.kleve.de\/hp\/wp-json\/wp\/v2\/posts\/5303\/revisions\/5336"}],"wp:featuredmedia":[{"embeddable":true,"href":"https:\/\/gaf.kleve.de\/hp\/wp-json\/wp\/v2\/media\/5319"}],"wp:attachment":[{"href":"https:\/\/gaf.kleve.de\/hp\/wp-json\/wp\/v2\/media?parent=5303"}],"wp:term":[{"taxonomy":"category","embeddable":true,"href":"https:\/\/gaf.kleve.de\/hp\/wp-json\/wp\/v2\/categories?post=5303"},{"taxonomy":"post_tag","embeddable":true,"href":"https:\/\/gaf.kleve.de\/hp\/wp-json\/wp\/v2\/tags?post=5303"}],"curies":[{"name":"wp","href":"https:\/\/api.w.org\/{rel}","templated":true}]}}