{"id":5350,"date":"2025-04-16T20:36:25","date_gmt":"2025-04-16T18:36:25","guid":{"rendered":"https:\/\/gaf.kleve.de\/hp\/?p=5350"},"modified":"2025-05-06T08:49:16","modified_gmt":"2025-05-06T06:49:16","slug":"5350-2","status":"publish","type":"post","link":"https:\/\/gaf.kleve.de\/hp\/5350-2\/","title":{"rendered":"Bionik PA in Klasse 8"},"content":{"rendered":"<p>[et_pb_section fb_built=&#8220;1&#8243; theme_builder_area=&#8220;post_content&#8220; _builder_version=&#8220;4.27.4&#8243; _module_preset=&#8220;default&#8220; da_is_popup=&#8220;off&#8220; da_exit_intent=&#8220;off&#8220; da_has_close=&#8220;on&#8220; da_alt_close=&#8220;off&#8220; da_dark_close=&#8220;off&#8220; da_not_modal=&#8220;on&#8220; da_is_singular=&#8220;off&#8220; da_with_loader=&#8220;off&#8220; da_has_shadow=&#8220;on&#8220; da_disable_devices=&#8220;off|off|off&#8220;][et_pb_row _builder_version=&#8220;4.27.4&#8243; _module_preset=&#8220;default&#8220; theme_builder_area=&#8220;post_content&#8220; custom_padding=&#8220;0px|||||&#8220;][et_pb_column _builder_version=&#8220;4.27.4&#8243; _module_preset=&#8220;default&#8220; type=&#8220;4_4&#8243; theme_builder_area=&#8220;post_content&#8220;][et_pb_text _builder_version=&#8220;4.27.4&#8243; _module_preset=&#8220;default&#8220; theme_builder_area=&#8220;post_content&#8220; hover_enabled=&#8220;0&#8243; sticky_enabled=&#8220;0&#8243;]<\/p>\n<p>Im PA Technik der Klasse 8 dreht sich alles um die Praxis der Bionik. Bionik orientiert sich an der Natur und \u00fcbertr\u00e4gt deren Strukturen, Prozesse und Konstruktionen in technische Innovationen. Viele Dinge aus unserem Alltag finden ihren Ursprung in der Natur, wie zum Beispiel das Flugzeug oder der Br\u00fcckenbau.<\/p>\n<p>Im Rahmen des PA Technik tauchen Sch\u00fcler und Sch\u00fclerinnen der Klasse 8 in die Welt der Bionik ein, indem sie verschiedene Bereiche der Bionik an der Hochschule Rhein Waal kennenlernen. Durch praxisorientiertes Lernen erfahren sie, wie Natur und Wissenschaft verkn\u00fcpft sind. Dabei k\u00f6nnen sie ihr Wissen aus dem Naturwissenschaftsunterricht anwenden und mit neuen Erkenntnissen kombinieren.<br \/>Ein Beispiel hierf\u00fcr ist das Modell eines Landseglers, das die Sch\u00fclerinnen und Sch\u00fcler selbst gebaut haben. Vom ersten Entwurf bis zur Fertigstellung wurde das Projekt in Zusammenarbeit mit einem Mitarbeiter der Hochschule immer wieder \u00fcberpr\u00fcft und optimiert. Obwohl die Sch\u00fcler und Sch\u00fclerinnen bereits wussten, dass man mit einem Segel Luft einfangen kann, um sich fortzubewegen, stellte sich schnell heraus, wie wichtig es ist, zahlreiche andere Faktoren zu ber\u00fccksichtigen, um einen gelungenen Landsegler zu bauen. Dieser Prozess des Ausprobierens und Optimierens war f\u00fcr die Sch\u00fcler und Sch\u00fclerinnen eine unterhaltsame Art Neues zu lernen.<\/p>\n<p>[\/et_pb_text][et_pb_gallery _builder_version=&#8220;4.27.4&#8243; _module_preset=&#8220;default&#8220; theme_builder_area=&#8220;post_content&#8220; gallery_ids=&#8220;5354,5355,5356,5357&#8243; show_pagination=&#8220;off&#8220; show_title_and_caption=&#8220;off&#8220; hover_enabled=&#8220;0&#8243; sticky_enabled=&#8220;0&#8243;][\/et_pb_gallery][\/et_pb_column][\/et_pb_row][\/et_pb_section]<\/p>\n","protected":false},"excerpt":{"rendered":"<p>Im PA Technik der Klasse 8 dreht sich alles um die Praxis der Bionik. Bionik orientiert sich an der Natur und \u00fcbertr\u00e4gt deren Strukturen, Prozesse und Konstruktionen in technische Innovationen. Viele Dinge aus unserem Alltag finden ihren Ursprung in der Natur, wie zum Beispiel das Flugzeug oder der Br\u00fcckenbau. Im Rahmen des PA Technik tauchen [&hellip;]<\/p>\n","protected":false},"author":2,"featured_media":5353,"comment_status":"closed","ping_status":"closed","sticky":false,"template":"","format":"standard","meta":{"_et_pb_use_builder":"on","_et_pb_old_content":"","_et_gb_content_width":"","footnotes":""},"categories":[1,52],"tags":[132,134,29,133],"class_list":["post-5350","post","type-post","status-publish","format-standard","has-post-thumbnail","hentry","category-allgemein","category-kooperationen","tag-bionik","tag-hochschule-rhein-waal","tag-kooperation","tag-pa-technik"],"yoast_head":"<!-- This site is optimized with the Yoast SEO plugin v27.4 - https:\/\/yoast.com\/product\/yoast-seo-wordpress\/ -->\n<title>Bionik PA in Klasse 8 - Gesamtschule am Forstgarten Kleve<\/title>\n<meta name=\"robots\" content=\"index, follow, max-snippet:-1, max-image-preview:large, max-video-preview:-1\" \/>\n<link rel=\"canonical\" href=\"https:\/\/gaf.kleve.de\/hp\/5350-2\/\" \/>\n<meta property=\"og:locale\" content=\"de_DE\" \/>\n<meta property=\"og:type\" content=\"article\" \/>\n<meta property=\"og:title\" content=\"Bionik PA in Klasse 8 - Gesamtschule am Forstgarten Kleve\" \/>\n<meta property=\"og:description\" content=\"Im PA Technik der Klasse 8 dreht sich alles um die Praxis der Bionik. Bionik orientiert sich an der Natur und \u00fcbertr\u00e4gt deren Strukturen, Prozesse und Konstruktionen in technische Innovationen. Viele Dinge aus unserem Alltag finden ihren Ursprung in der Natur, wie zum Beispiel das Flugzeug oder der Br\u00fcckenbau. Im Rahmen des PA Technik tauchen [&hellip;]\" \/>\n<meta property=\"og:url\" content=\"https:\/\/gaf.kleve.de\/hp\/5350-2\/\" \/>\n<meta property=\"og:site_name\" content=\"Gesamtschule am Forstgarten Kleve\" \/>\n<meta property=\"article:published_time\" content=\"2025-04-16T18:36:25+00:00\" \/>\n<meta property=\"article:modified_time\" content=\"2025-05-06T06:49:16+00:00\" \/>\n<meta property=\"og:image\" content=\"https:\/\/gaf.kleve.de\/hp\/wp-content\/uploads\/gesamtschule-am-forstgarten-pa_banner-scaled.jpg\" \/>\n\t<meta property=\"og:image:width\" content=\"2560\" \/>\n\t<meta property=\"og:image:height\" content=\"2007\" \/>\n\t<meta property=\"og:image:type\" content=\"image\/jpeg\" \/>\n<meta name=\"author\" content=\"Martin Leurs\" \/>\n<meta name=\"twitter:card\" content=\"summary_large_image\" \/>\n<meta name=\"twitter:label1\" content=\"Verfasst von\" \/>\n\t<meta name=\"twitter:data1\" content=\"Martin Leurs\" \/>\n<script type=\"application\/ld+json\" class=\"yoast-schema-graph\">{\"@context\":\"https:\\\/\\\/schema.org\",\"@graph\":[{\"@type\":\"Article\",\"@id\":\"https:\\\/\\\/gaf.kleve.de\\\/hp\\\/5350-2\\\/#article\",\"isPartOf\":{\"@id\":\"https:\\\/\\\/gaf.kleve.de\\\/hp\\\/5350-2\\\/\"},\"author\":{\"name\":\"Martin Leurs\",\"@id\":\"https:\\\/\\\/gaf.kleve.de\\\/hp\\\/#\\\/schema\\\/person\\\/e62f2ab9d8b33dd1f62c233bad2285a3\"},\"headline\":\"Bionik PA in Klasse 8\",\"datePublished\":\"2025-04-16T18:36:25+00:00\",\"dateModified\":\"2025-05-06T06:49:16+00:00\",\"mainEntityOfPage\":{\"@id\":\"https:\\\/\\\/gaf.kleve.de\\\/hp\\\/5350-2\\\/\"},\"wordCount\":360,\"publisher\":{\"@id\":\"https:\\\/\\\/gaf.kleve.de\\\/hp\\\/#organization\"},\"image\":{\"@id\":\"https:\\\/\\\/gaf.kleve.de\\\/hp\\\/5350-2\\\/#primaryimage\"},\"thumbnailUrl\":\"https:\\\/\\\/gaf.kleve.de\\\/hp\\\/wp-content\\\/uploads\\\/gesamtschule-am-forstgarten-pa_banner-scaled.jpg\",\"keywords\":[\"Bionik\",\"Hochschule Rhein-Waal\",\"Kooperation\",\"PA Technik\"],\"articleSection\":{\"1\":\"Kooperationen\"},\"inLanguage\":\"de\"},{\"@type\":\"WebPage\",\"@id\":\"https:\\\/\\\/gaf.kleve.de\\\/hp\\\/5350-2\\\/\",\"url\":\"https:\\\/\\\/gaf.kleve.de\\\/hp\\\/5350-2\\\/\",\"name\":\"Bionik PA in Klasse 8 - Gesamtschule am Forstgarten Kleve\",\"isPartOf\":{\"@id\":\"https:\\\/\\\/gaf.kleve.de\\\/hp\\\/#website\"},\"primaryImageOfPage\":{\"@id\":\"https:\\\/\\\/gaf.kleve.de\\\/hp\\\/5350-2\\\/#primaryimage\"},\"image\":{\"@id\":\"https:\\\/\\\/gaf.kleve.de\\\/hp\\\/5350-2\\\/#primaryimage\"},\"thumbnailUrl\":\"https:\\\/\\\/gaf.kleve.de\\\/hp\\\/wp-content\\\/uploads\\\/gesamtschule-am-forstgarten-pa_banner-scaled.jpg\",\"datePublished\":\"2025-04-16T18:36:25+00:00\",\"dateModified\":\"2025-05-06T06:49:16+00:00\",\"breadcrumb\":{\"@id\":\"https:\\\/\\\/gaf.kleve.de\\\/hp\\\/5350-2\\\/#breadcrumb\"},\"inLanguage\":\"de\",\"potentialAction\":[{\"@type\":\"ReadAction\",\"target\":[\"https:\\\/\\\/gaf.kleve.de\\\/hp\\\/5350-2\\\/\"]}]},{\"@type\":\"ImageObject\",\"inLanguage\":\"de\",\"@id\":\"https:\\\/\\\/gaf.kleve.de\\\/hp\\\/5350-2\\\/#primaryimage\",\"url\":\"https:\\\/\\\/gaf.kleve.de\\\/hp\\\/wp-content\\\/uploads\\\/gesamtschule-am-forstgarten-pa_banner-scaled.jpg\",\"contentUrl\":\"https:\\\/\\\/gaf.kleve.de\\\/hp\\\/wp-content\\\/uploads\\\/gesamtschule-am-forstgarten-pa_banner-scaled.jpg\",\"width\":2560,\"height\":2007,\"caption\":\"gesamtschule-am-forstgarten-kleve-pa-technik-bionik\"},{\"@type\":\"BreadcrumbList\",\"@id\":\"https:\\\/\\\/gaf.kleve.de\\\/hp\\\/5350-2\\\/#breadcrumb\",\"itemListElement\":[{\"@type\":\"ListItem\",\"position\":1,\"name\":\"Startseite\",\"item\":\"https:\\\/\\\/gaf.kleve.de\\\/hp\\\/\"},{\"@type\":\"ListItem\",\"position\":2,\"name\":\"Bionik PA in Klasse 8\"}]},{\"@type\":\"WebSite\",\"@id\":\"https:\\\/\\\/gaf.kleve.de\\\/hp\\\/#website\",\"url\":\"https:\\\/\\\/gaf.kleve.de\\\/hp\\\/\",\"name\":\"Gesamtschule am Forstgarten - Voneinander und miteinander lernen in Kleves gr\u00fcner Mitte\",\"description\":\"Gesamtschule am Forstgarten - Voneinander und miteinander lernen in Kleves gr\u00fcner Mitte\",\"publisher\":{\"@id\":\"https:\\\/\\\/gaf.kleve.de\\\/hp\\\/#organization\"},\"potentialAction\":[{\"@type\":\"SearchAction\",\"target\":{\"@type\":\"EntryPoint\",\"urlTemplate\":\"https:\\\/\\\/gaf.kleve.de\\\/hp\\\/?s={search_term_string}\"},\"query-input\":{\"@type\":\"PropertyValueSpecification\",\"valueRequired\":true,\"valueName\":\"search_term_string\"}}],\"inLanguage\":\"de\"},{\"@type\":\"Organization\",\"@id\":\"https:\\\/\\\/gaf.kleve.de\\\/hp\\\/#organization\",\"name\":\"Gesamtschule am Forstgarten Kleve\",\"url\":\"https:\\\/\\\/gaf.kleve.de\\\/hp\\\/\",\"logo\":{\"@type\":\"ImageObject\",\"inLanguage\":\"de\",\"@id\":\"https:\\\/\\\/gaf.kleve.de\\\/hp\\\/#\\\/schema\\\/logo\\\/image\\\/\",\"url\":\"https:\\\/\\\/gaf.kleve.de\\\/hp\\\/wp-content\\\/uploads\\\/2023\\\/05\\\/Logo_GaF_RGB.png\",\"contentUrl\":\"https:\\\/\\\/gaf.kleve.de\\\/hp\\\/wp-content\\\/uploads\\\/2023\\\/05\\\/Logo_GaF_RGB.png\",\"width\":500,\"height\":286,\"caption\":\"Gesamtschule am Forstgarten Kleve\"},\"image\":{\"@id\":\"https:\\\/\\\/gaf.kleve.de\\\/hp\\\/#\\\/schema\\\/logo\\\/image\\\/\"},\"sameAs\":[\"https:\\\/\\\/www.instagram.com\\\/gaf_gesamtschuleamforstgarten\\\/\"]},{\"@type\":\"Person\",\"@id\":\"https:\\\/\\\/gaf.kleve.de\\\/hp\\\/#\\\/schema\\\/person\\\/e62f2ab9d8b33dd1f62c233bad2285a3\",\"name\":\"Martin Leurs\",\"url\":\"https:\\\/\\\/gaf.kleve.de\\\/hp\\\/author\\\/martin_leurs\\\/\"}]}<\/script>\n<!-- \/ Yoast SEO plugin. -->","yoast_head_json":{"title":"Bionik PA in Klasse 8 - Gesamtschule am Forstgarten Kleve","robots":{"index":"index","follow":"follow","max-snippet":"max-snippet:-1","max-image-preview":"max-image-preview:large","max-video-preview":"max-video-preview:-1"},"canonical":"https:\/\/gaf.kleve.de\/hp\/5350-2\/","og_locale":"de_DE","og_type":"article","og_title":"Bionik PA in Klasse 8 - Gesamtschule am Forstgarten Kleve","og_description":"Im PA Technik der Klasse 8 dreht sich alles um die Praxis der Bionik. Bionik orientiert sich an der Natur und \u00fcbertr\u00e4gt deren Strukturen, Prozesse und Konstruktionen in technische Innovationen. Viele Dinge aus unserem Alltag finden ihren Ursprung in der Natur, wie zum Beispiel das Flugzeug oder der Br\u00fcckenbau. Im Rahmen des PA Technik tauchen [&hellip;]","og_url":"https:\/\/gaf.kleve.de\/hp\/5350-2\/","og_site_name":"Gesamtschule am Forstgarten Kleve","article_published_time":"2025-04-16T18:36:25+00:00","article_modified_time":"2025-05-06T06:49:16+00:00","og_image":[{"width":2560,"height":2007,"url":"https:\/\/gaf.kleve.de\/hp\/wp-content\/uploads\/gesamtschule-am-forstgarten-pa_banner-scaled.jpg","type":"image\/jpeg"}],"author":"Martin Leurs","twitter_card":"summary_large_image","twitter_misc":{"Verfasst von":"Martin Leurs"},"schema":{"@context":"https:\/\/schema.org","@graph":[{"@type":"Article","@id":"https:\/\/gaf.kleve.de\/hp\/5350-2\/#article","isPartOf":{"@id":"https:\/\/gaf.kleve.de\/hp\/5350-2\/"},"author":{"name":"Martin Leurs","@id":"https:\/\/gaf.kleve.de\/hp\/#\/schema\/person\/e62f2ab9d8b33dd1f62c233bad2285a3"},"headline":"Bionik PA in Klasse 8","datePublished":"2025-04-16T18:36:25+00:00","dateModified":"2025-05-06T06:49:16+00:00","mainEntityOfPage":{"@id":"https:\/\/gaf.kleve.de\/hp\/5350-2\/"},"wordCount":360,"publisher":{"@id":"https:\/\/gaf.kleve.de\/hp\/#organization"},"image":{"@id":"https:\/\/gaf.kleve.de\/hp\/5350-2\/#primaryimage"},"thumbnailUrl":"https:\/\/gaf.kleve.de\/hp\/wp-content\/uploads\/gesamtschule-am-forstgarten-pa_banner-scaled.jpg","keywords":["Bionik","Hochschule Rhein-Waal","Kooperation","PA Technik"],"articleSection":{"1":"Kooperationen"},"inLanguage":"de"},{"@type":"WebPage","@id":"https:\/\/gaf.kleve.de\/hp\/5350-2\/","url":"https:\/\/gaf.kleve.de\/hp\/5350-2\/","name":"Bionik PA in Klasse 8 - Gesamtschule am Forstgarten Kleve","isPartOf":{"@id":"https:\/\/gaf.kleve.de\/hp\/#website"},"primaryImageOfPage":{"@id":"https:\/\/gaf.kleve.de\/hp\/5350-2\/#primaryimage"},"image":{"@id":"https:\/\/gaf.kleve.de\/hp\/5350-2\/#primaryimage"},"thumbnailUrl":"https:\/\/gaf.kleve.de\/hp\/wp-content\/uploads\/gesamtschule-am-forstgarten-pa_banner-scaled.jpg","datePublished":"2025-04-16T18:36:25+00:00","dateModified":"2025-05-06T06:49:16+00:00","breadcrumb":{"@id":"https:\/\/gaf.kleve.de\/hp\/5350-2\/#breadcrumb"},"inLanguage":"de","potentialAction":[{"@type":"ReadAction","target":["https:\/\/gaf.kleve.de\/hp\/5350-2\/"]}]},{"@type":"ImageObject","inLanguage":"de","@id":"https:\/\/gaf.kleve.de\/hp\/5350-2\/#primaryimage","url":"https:\/\/gaf.kleve.de\/hp\/wp-content\/uploads\/gesamtschule-am-forstgarten-pa_banner-scaled.jpg","contentUrl":"https:\/\/gaf.kleve.de\/hp\/wp-content\/uploads\/gesamtschule-am-forstgarten-pa_banner-scaled.jpg","width":2560,"height":2007,"caption":"gesamtschule-am-forstgarten-kleve-pa-technik-bionik"},{"@type":"BreadcrumbList","@id":"https:\/\/gaf.kleve.de\/hp\/5350-2\/#breadcrumb","itemListElement":[{"@type":"ListItem","position":1,"name":"Startseite","item":"https:\/\/gaf.kleve.de\/hp\/"},{"@type":"ListItem","position":2,"name":"Bionik PA in Klasse 8"}]},{"@type":"WebSite","@id":"https:\/\/gaf.kleve.de\/hp\/#website","url":"https:\/\/gaf.kleve.de\/hp\/","name":"Gesamtschule am Forstgarten - Voneinander und miteinander lernen in Kleves gr\u00fcner Mitte","description":"Gesamtschule am Forstgarten - Voneinander und miteinander lernen in Kleves gr\u00fcner Mitte","publisher":{"@id":"https:\/\/gaf.kleve.de\/hp\/#organization"},"potentialAction":[{"@type":"SearchAction","target":{"@type":"EntryPoint","urlTemplate":"https:\/\/gaf.kleve.de\/hp\/?s={search_term_string}"},"query-input":{"@type":"PropertyValueSpecification","valueRequired":true,"valueName":"search_term_string"}}],"inLanguage":"de"},{"@type":"Organization","@id":"https:\/\/gaf.kleve.de\/hp\/#organization","name":"Gesamtschule am Forstgarten Kleve","url":"https:\/\/gaf.kleve.de\/hp\/","logo":{"@type":"ImageObject","inLanguage":"de","@id":"https:\/\/gaf.kleve.de\/hp\/#\/schema\/logo\/image\/","url":"https:\/\/gaf.kleve.de\/hp\/wp-content\/uploads\/2023\/05\/Logo_GaF_RGB.png","contentUrl":"https:\/\/gaf.kleve.de\/hp\/wp-content\/uploads\/2023\/05\/Logo_GaF_RGB.png","width":500,"height":286,"caption":"Gesamtschule am Forstgarten Kleve"},"image":{"@id":"https:\/\/gaf.kleve.de\/hp\/#\/schema\/logo\/image\/"},"sameAs":["https:\/\/www.instagram.com\/gaf_gesamtschuleamforstgarten\/"]},{"@type":"Person","@id":"https:\/\/gaf.kleve.de\/hp\/#\/schema\/person\/e62f2ab9d8b33dd1f62c233bad2285a3","name":"Martin Leurs","url":"https:\/\/gaf.kleve.de\/hp\/author\/martin_leurs\/"}]}},"_links":{"self":[{"href":"https:\/\/gaf.kleve.de\/hp\/wp-json\/wp\/v2\/posts\/5350","targetHints":{"allow":["GET"]}}],"collection":[{"href":"https:\/\/gaf.kleve.de\/hp\/wp-json\/wp\/v2\/posts"}],"about":[{"href":"https:\/\/gaf.kleve.de\/hp\/wp-json\/wp\/v2\/types\/post"}],"author":[{"embeddable":true,"href":"https:\/\/gaf.kleve.de\/hp\/wp-json\/wp\/v2\/users\/2"}],"replies":[{"embeddable":true,"href":"https:\/\/gaf.kleve.de\/hp\/wp-json\/wp\/v2\/comments?post=5350"}],"version-history":[{"count":4,"href":"https:\/\/gaf.kleve.de\/hp\/wp-json\/wp\/v2\/posts\/5350\/revisions"}],"predecessor-version":[{"id":5360,"href":"https:\/\/gaf.kleve.de\/hp\/wp-json\/wp\/v2\/posts\/5350\/revisions\/5360"}],"wp:featuredmedia":[{"embeddable":true,"href":"https:\/\/gaf.kleve.de\/hp\/wp-json\/wp\/v2\/media\/5353"}],"wp:attachment":[{"href":"https:\/\/gaf.kleve.de\/hp\/wp-json\/wp\/v2\/media?parent=5350"}],"wp:term":[{"taxonomy":"category","embeddable":true,"href":"https:\/\/gaf.kleve.de\/hp\/wp-json\/wp\/v2\/categories?post=5350"},{"taxonomy":"post_tag","embeddable":true,"href":"https:\/\/gaf.kleve.de\/hp\/wp-json\/wp\/v2\/tags?post=5350"}],"curies":[{"name":"wp","href":"https:\/\/api.w.org\/{rel}","templated":true}]}}