{"id":5591,"date":"2025-07-17T10:30:29","date_gmt":"2025-07-17T08:30:29","guid":{"rendered":"https:\/\/gaf.kleve.de\/hp\/?p=5591"},"modified":"2025-07-17T10:30:35","modified_gmt":"2025-07-17T08:30:35","slug":"5591-2","status":"publish","type":"post","link":"https:\/\/gaf.kleve.de\/hp\/5591-2\/","title":{"rendered":"Pr\u00e4sentationsnachmittag Expertenvortrag"},"content":{"rendered":"<p>[et_pb_section fb_built=&#8220;1&#8243; theme_builder_area=&#8220;post_content&#8220; _builder_version=&#8220;4.27.4&#8243; _module_preset=&#8220;default&#8220; da_is_popup=&#8220;off&#8220; da_exit_intent=&#8220;off&#8220; da_has_close=&#8220;on&#8220; da_alt_close=&#8220;off&#8220; da_dark_close=&#8220;off&#8220; da_not_modal=&#8220;on&#8220; da_is_singular=&#8220;off&#8220; da_with_loader=&#8220;off&#8220; da_has_shadow=&#8220;on&#8220; da_disable_devices=&#8220;off|off|off&#8220;][et_pb_row _builder_version=&#8220;4.27.4&#8243; _module_preset=&#8220;default&#8220; theme_builder_area=&#8220;post_content&#8220;][et_pb_column _builder_version=&#8220;4.27.4&#8243; _module_preset=&#8220;default&#8220; type=&#8220;4_4&#8243; theme_builder_area=&#8220;post_content&#8220;][et_pb_text _builder_version=&#8220;4.27.4&#8243; _module_preset=&#8220;default&#8220; theme_builder_area=&#8220;post_content&#8220; hover_enabled=&#8220;0&#8243; sticky_enabled=&#8220;0&#8243;]<\/p>\n<p style=\"-webkit-text-stroke-width: 0px; box-sizing: border-box; caret-color: #000000; color: #000000; font-size: inherit; font-style: normal; font-variant-caps: normal; font-weight: 400; letter-spacing: normal; line-height: 1.3; margin: 0px 0px 1em; text-align: start; text-decoration: none; text-indent: 0px; text-transform: none; white-space: normal; word-spacing: 0px;\" data-start=\"103\" data-end=\"448\">Am 30. Juni 2025 fand in der Mensa der Gesamtschule am Forstgarten das Forder-F\u00f6rder-Projekt statt. Sechs Kinder hielten jeweils einen Vortrag zu verschiedenen interessanten Themen. Die Veranstaltung begann mit einer Rede von Frau Lamers, der Projektleiterin, die die Kinder und das Publikum herzlich begr\u00fc\u00dfte und kurz in das Projekt einf\u00fchrte.<\/p>\n<p style=\"-webkit-text-stroke-width: 0px; box-sizing: border-box; caret-color: #000000; color: #000000; font-size: inherit; font-style: normal; font-variant-caps: normal; font-weight: 400; letter-spacing: normal; line-height: 1.3; margin: 0px 0px 1em; text-align: start; text-decoration: none; text-indent: 0px; text-transform: none; white-space: normal; word-spacing: 0px;\" data-start=\"450\" data-end=\"541\">Alle Kinder waren zu Beginn sehr aufgeregt, doch sie meisterten ihre Vortr\u00e4ge mit viel Mut.<\/p>\n<p style=\"-webkit-text-stroke-width: 0px; box-sizing: border-box; caret-color: #000000; color: #000000; font-size: inherit; font-style: normal; font-variant-caps: normal; font-weight: 400; letter-spacing: normal; line-height: 1.3; margin: 0px 0px 1em; text-align: start; text-decoration: none; text-indent: 0px; text-transform: none; white-space: normal; word-spacing: 0px;\" data-start=\"543\" data-end=\"740\">Den Anfang machte Hannah, die \u00fcber die Unterschiede zwischen Wild- und Hauskaninchen sprach. Anschlie\u00dfend berichtete Semra \u00fcber den Atlantischen Ozean und teilte spannende Fakten und Informationen.<\/p>\n<p style=\"-webkit-text-stroke-width: 0px; box-sizing: border-box; caret-color: #000000; color: #000000; font-size: inherit; font-style: normal; font-variant-caps: normal; font-weight: 400; letter-spacing: normal; line-height: 1.3; margin: 0px 0px 1em; text-align: start; text-decoration: none; text-indent: 0px; text-transform: none; white-space: normal; word-spacing: 0px;\" data-start=\"742\" data-end=\"961\">Danach war ich an der Reihe und hielt einen Vortrag \u00fcber bedrohte Tiere. Es folgten Mia mit ihrem Vortrag \u00fcber Familienhunde, Karolina, die \u00fcber die Medien sprach, und zum Schluss pr\u00e4sentierte Marie das Thema Regenwald.<\/p>\n<p style=\"-webkit-text-stroke-width: 0px; box-sizing: border-box; caret-color: #000000; color: #000000; font-size: inherit; font-style: normal; font-variant-caps: normal; font-weight: 400; letter-spacing: normal; line-height: 1.3; margin: 0px 0px 1em; text-align: start; text-decoration: none; text-indent: 0px; text-transform: none; white-space: normal; word-spacing: 0px;\" data-start=\"963\" data-end=\"1125\">Nach den Vortr\u00e4gen hielt Frau Lamers eine Abschlussrede, in der sie betonte, wie mutig alle Kinder gewesen seien und dass sie sehr stolz auf ihre Leistungen sei.<\/p>\n<p style=\"-webkit-text-stroke-width: 0px; box-sizing: border-box; caret-color: #000000; color: #000000; font-size: inherit; font-style: normal; font-variant-caps: normal; font-weight: 400; letter-spacing: normal; line-height: 1.3; margin: 0px 0px 1em; text-align: start; text-decoration: none; text-indent: 0px; text-transform: none; white-space: normal; word-spacing: 0px;\" data-start=\"1127\" data-end=\"1303\">Die Projektleiterin \u00fcberreichte anschlie\u00dfend an alle Kinder Urkunden und ein Buch als Geschenk. Das Publikum reagierte mit viel Applaus, und es wurden zahlreiche Fotos gemacht.<\/p>\n<p style=\"-webkit-text-stroke-width: 0px; box-sizing: border-box; caret-color: #000000; color: #000000; font-size: inherit; font-style: normal; font-variant-caps: normal; font-weight: 400; letter-spacing: normal; line-height: 1.3; margin: 0px 0px 1em; text-align: start; text-decoration: none; text-indent: 0px; text-transform: none; white-space: normal; word-spacing: 0px;\" data-start=\"1305\" data-end=\"1422\">Zum Abschluss gab es ein Fingerfood-Buffet mit kleinen Pizzaschnitten und Saft, das von allen gerne angenommen wurde.<\/p>\n<p style=\"-webkit-text-stroke-width: 0px; box-sizing: border-box; caret-color: #000000; color: #000000; font-size: inherit; font-style: normal; font-variant-caps: normal; font-weight: 400; letter-spacing: normal; line-height: 1.3; margin: 0px 0px 1em; text-align: start; text-decoration: none; text-indent: 0px; text-transform: none; white-space: normal; word-spacing: 0px;\" data-start=\"1424\" data-end=\"1577\">Das Forder-F\u00f6rder-Projekt war somit ein voller Erfolg und bot den Kindern eine tolle M\u00f6glichkeit, ihre Kenntnisse und Pr\u00e4sentationsf\u00e4higkeiten zu zeigen.<\/p>\n<p style=\"-webkit-text-stroke-width: 0px; box-sizing: border-box; caret-color: #000000; color: #000000; font-size: inherit; font-style: normal; font-variant-caps: normal; font-weight: 400; letter-spacing: normal; line-height: 1.3; margin: 0px 0px 1em; text-align: start; text-decoration: none; text-indent: 0px; text-transform: none; white-space: normal; word-spacing: 0px;\" data-start=\"1424\" data-end=\"1577\"><em>Rachel Oberbanscheidt, 6e<\/em><\/p>\n<p style=\"-webkit-text-stroke-width: 0px; box-sizing: border-box; caret-color: #000000; color: #000000; font-size: inherit; font-style: normal; font-variant-caps: normal; font-weight: 400; letter-spacing: normal; line-height: 1.3; margin: 0px 0px 1em; text-align: start; text-decoration: none; text-indent: 0px; text-transform: none; white-space: normal; word-spacing: 0px;\" data-start=\"1424\" data-end=\"1577\">[\/et_pb_text][et_pb_image src=&#8220;https:\/\/gaf.kleve.de\/hp\/wp-content\/uploads\/gesamtschule-am-forstgarten-expertenvortrag.jpg&#8220; _builder_version=&#8220;4.27.4&#8243; _module_preset=&#8220;default&#8220; theme_builder_area=&#8220;post_content&#8220; title_text=&#8220;gesamtschule-am-forstgarten-expertenvortrag&#8220; hover_enabled=&#8220;0&#8243; sticky_enabled=&#8220;0&#8243;][\/et_pb_image][\/et_pb_column][\/et_pb_row][\/et_pb_section]<\/p>\n","protected":false},"excerpt":{"rendered":"<p>Am 30. Juni 2025 fand in der Mensa der Gesamtschule am Forstgarten das Forder-F\u00f6rder-Projekt statt. Sechs Kinder hielten jeweils einen Vortrag zu verschiedenen interessanten Themen. Die Veranstaltung begann mit einer Rede von Frau Lamers, der Projektleiterin, die die Kinder und das Publikum herzlich begr\u00fc\u00dfte und kurz in das Projekt einf\u00fchrte. Alle Kinder waren zu Beginn [&hellip;]<\/p>\n","protected":false},"author":2,"featured_media":5595,"comment_status":"closed","ping_status":"closed","sticky":false,"template":"","format":"standard","meta":{"_et_pb_use_builder":"on","_et_pb_old_content":"","_et_gb_content_width":"","footnotes":""},"categories":[1],"tags":[],"class_list":["post-5591","post","type-post","status-publish","format-standard","has-post-thumbnail","hentry","category-allgemein"],"yoast_head":"<!-- This site is optimized with the Yoast SEO plugin v27.4 - https:\/\/yoast.com\/product\/yoast-seo-wordpress\/ -->\n<title>Pr\u00e4sentationsnachmittag Expertenvortrag - Gesamtschule am Forstgarten Kleve<\/title>\n<meta name=\"robots\" content=\"index, follow, max-snippet:-1, max-image-preview:large, max-video-preview:-1\" \/>\n<link rel=\"canonical\" href=\"https:\/\/gaf.kleve.de\/hp\/5591-2\/\" \/>\n<meta property=\"og:locale\" content=\"de_DE\" \/>\n<meta property=\"og:type\" content=\"article\" \/>\n<meta property=\"og:title\" content=\"Pr\u00e4sentationsnachmittag Expertenvortrag - Gesamtschule am Forstgarten Kleve\" \/>\n<meta property=\"og:description\" content=\"Am 30. Juni 2025 fand in der Mensa der Gesamtschule am Forstgarten das Forder-F\u00f6rder-Projekt statt. Sechs Kinder hielten jeweils einen Vortrag zu verschiedenen interessanten Themen. Die Veranstaltung begann mit einer Rede von Frau Lamers, der Projektleiterin, die die Kinder und das Publikum herzlich begr\u00fc\u00dfte und kurz in das Projekt einf\u00fchrte. Alle Kinder waren zu Beginn [&hellip;]\" \/>\n<meta property=\"og:url\" content=\"https:\/\/gaf.kleve.de\/hp\/5591-2\/\" \/>\n<meta property=\"og:site_name\" content=\"Gesamtschule am Forstgarten Kleve\" \/>\n<meta property=\"article:published_time\" content=\"2025-07-17T08:30:29+00:00\" \/>\n<meta property=\"article:modified_time\" content=\"2025-07-17T08:30:35+00:00\" \/>\n<meta property=\"og:image\" content=\"https:\/\/gaf.kleve.de\/hp\/wp-content\/uploads\/gesamtschule-am-forstgarten-expertenvortrag_banner.jpg\" \/>\n\t<meta property=\"og:image:width\" content=\"1536\" \/>\n\t<meta property=\"og:image:height\" content=\"1170\" \/>\n\t<meta property=\"og:image:type\" content=\"image\/jpeg\" \/>\n<meta name=\"author\" content=\"Martin Leurs\" \/>\n<meta name=\"twitter:card\" content=\"summary_large_image\" \/>\n<meta name=\"twitter:label1\" content=\"Verfasst von\" \/>\n\t<meta name=\"twitter:data1\" content=\"Martin Leurs\" \/>\n<script type=\"application\/ld+json\" class=\"yoast-schema-graph\">{\"@context\":\"https:\\\/\\\/schema.org\",\"@graph\":[{\"@type\":\"Article\",\"@id\":\"https:\\\/\\\/gaf.kleve.de\\\/hp\\\/5591-2\\\/#article\",\"isPartOf\":{\"@id\":\"https:\\\/\\\/gaf.kleve.de\\\/hp\\\/5591-2\\\/\"},\"author\":{\"name\":\"Martin Leurs\",\"@id\":\"https:\\\/\\\/gaf.kleve.de\\\/hp\\\/#\\\/schema\\\/person\\\/e62f2ab9d8b33dd1f62c233bad2285a3\"},\"headline\":\"Pr\u00e4sentationsnachmittag Expertenvortrag\",\"datePublished\":\"2025-07-17T08:30:29+00:00\",\"dateModified\":\"2025-07-17T08:30:35+00:00\",\"mainEntityOfPage\":{\"@id\":\"https:\\\/\\\/gaf.kleve.de\\\/hp\\\/5591-2\\\/\"},\"wordCount\":377,\"publisher\":{\"@id\":\"https:\\\/\\\/gaf.kleve.de\\\/hp\\\/#organization\"},\"image\":{\"@id\":\"https:\\\/\\\/gaf.kleve.de\\\/hp\\\/5591-2\\\/#primaryimage\"},\"thumbnailUrl\":\"https:\\\/\\\/gaf.kleve.de\\\/hp\\\/wp-content\\\/uploads\\\/gesamtschule-am-forstgarten-expertenvortrag_banner.jpg\",\"inLanguage\":\"de\"},{\"@type\":\"WebPage\",\"@id\":\"https:\\\/\\\/gaf.kleve.de\\\/hp\\\/5591-2\\\/\",\"url\":\"https:\\\/\\\/gaf.kleve.de\\\/hp\\\/5591-2\\\/\",\"name\":\"Pr\u00e4sentationsnachmittag Expertenvortrag - Gesamtschule am Forstgarten Kleve\",\"isPartOf\":{\"@id\":\"https:\\\/\\\/gaf.kleve.de\\\/hp\\\/#website\"},\"primaryImageOfPage\":{\"@id\":\"https:\\\/\\\/gaf.kleve.de\\\/hp\\\/5591-2\\\/#primaryimage\"},\"image\":{\"@id\":\"https:\\\/\\\/gaf.kleve.de\\\/hp\\\/5591-2\\\/#primaryimage\"},\"thumbnailUrl\":\"https:\\\/\\\/gaf.kleve.de\\\/hp\\\/wp-content\\\/uploads\\\/gesamtschule-am-forstgarten-expertenvortrag_banner.jpg\",\"datePublished\":\"2025-07-17T08:30:29+00:00\",\"dateModified\":\"2025-07-17T08:30:35+00:00\",\"breadcrumb\":{\"@id\":\"https:\\\/\\\/gaf.kleve.de\\\/hp\\\/5591-2\\\/#breadcrumb\"},\"inLanguage\":\"de\",\"potentialAction\":[{\"@type\":\"ReadAction\",\"target\":[\"https:\\\/\\\/gaf.kleve.de\\\/hp\\\/5591-2\\\/\"]}]},{\"@type\":\"ImageObject\",\"inLanguage\":\"de\",\"@id\":\"https:\\\/\\\/gaf.kleve.de\\\/hp\\\/5591-2\\\/#primaryimage\",\"url\":\"https:\\\/\\\/gaf.kleve.de\\\/hp\\\/wp-content\\\/uploads\\\/gesamtschule-am-forstgarten-expertenvortrag_banner.jpg\",\"contentUrl\":\"https:\\\/\\\/gaf.kleve.de\\\/hp\\\/wp-content\\\/uploads\\\/gesamtschule-am-forstgarten-expertenvortrag_banner.jpg\",\"width\":1536,\"height\":1170,\"caption\":\"gesamtschule-am-forstgarten-kleve-expertenvortrag\"},{\"@type\":\"BreadcrumbList\",\"@id\":\"https:\\\/\\\/gaf.kleve.de\\\/hp\\\/5591-2\\\/#breadcrumb\",\"itemListElement\":[{\"@type\":\"ListItem\",\"position\":1,\"name\":\"Startseite\",\"item\":\"https:\\\/\\\/gaf.kleve.de\\\/hp\\\/\"},{\"@type\":\"ListItem\",\"position\":2,\"name\":\"Pr\u00e4sentationsnachmittag Expertenvortrag\"}]},{\"@type\":\"WebSite\",\"@id\":\"https:\\\/\\\/gaf.kleve.de\\\/hp\\\/#website\",\"url\":\"https:\\\/\\\/gaf.kleve.de\\\/hp\\\/\",\"name\":\"Gesamtschule am Forstgarten - Voneinander und miteinander lernen in Kleves gr\u00fcner Mitte\",\"description\":\"Gesamtschule am Forstgarten - Voneinander und miteinander lernen in Kleves gr\u00fcner Mitte\",\"publisher\":{\"@id\":\"https:\\\/\\\/gaf.kleve.de\\\/hp\\\/#organization\"},\"potentialAction\":[{\"@type\":\"SearchAction\",\"target\":{\"@type\":\"EntryPoint\",\"urlTemplate\":\"https:\\\/\\\/gaf.kleve.de\\\/hp\\\/?s={search_term_string}\"},\"query-input\":{\"@type\":\"PropertyValueSpecification\",\"valueRequired\":true,\"valueName\":\"search_term_string\"}}],\"inLanguage\":\"de\"},{\"@type\":\"Organization\",\"@id\":\"https:\\\/\\\/gaf.kleve.de\\\/hp\\\/#organization\",\"name\":\"Gesamtschule am Forstgarten Kleve\",\"url\":\"https:\\\/\\\/gaf.kleve.de\\\/hp\\\/\",\"logo\":{\"@type\":\"ImageObject\",\"inLanguage\":\"de\",\"@id\":\"https:\\\/\\\/gaf.kleve.de\\\/hp\\\/#\\\/schema\\\/logo\\\/image\\\/\",\"url\":\"https:\\\/\\\/gaf.kleve.de\\\/hp\\\/wp-content\\\/uploads\\\/2023\\\/05\\\/Logo_GaF_RGB.png\",\"contentUrl\":\"https:\\\/\\\/gaf.kleve.de\\\/hp\\\/wp-content\\\/uploads\\\/2023\\\/05\\\/Logo_GaF_RGB.png\",\"width\":500,\"height\":286,\"caption\":\"Gesamtschule am Forstgarten Kleve\"},\"image\":{\"@id\":\"https:\\\/\\\/gaf.kleve.de\\\/hp\\\/#\\\/schema\\\/logo\\\/image\\\/\"},\"sameAs\":[\"https:\\\/\\\/www.instagram.com\\\/gaf_gesamtschuleamforstgarten\\\/\"]},{\"@type\":\"Person\",\"@id\":\"https:\\\/\\\/gaf.kleve.de\\\/hp\\\/#\\\/schema\\\/person\\\/e62f2ab9d8b33dd1f62c233bad2285a3\",\"name\":\"Martin Leurs\",\"url\":\"https:\\\/\\\/gaf.kleve.de\\\/hp\\\/author\\\/martin_leurs\\\/\"}]}<\/script>\n<!-- \/ Yoast SEO plugin. -->","yoast_head_json":{"title":"Pr\u00e4sentationsnachmittag Expertenvortrag - Gesamtschule am Forstgarten Kleve","robots":{"index":"index","follow":"follow","max-snippet":"max-snippet:-1","max-image-preview":"max-image-preview:large","max-video-preview":"max-video-preview:-1"},"canonical":"https:\/\/gaf.kleve.de\/hp\/5591-2\/","og_locale":"de_DE","og_type":"article","og_title":"Pr\u00e4sentationsnachmittag Expertenvortrag - Gesamtschule am Forstgarten Kleve","og_description":"Am 30. Juni 2025 fand in der Mensa der Gesamtschule am Forstgarten das Forder-F\u00f6rder-Projekt statt. Sechs Kinder hielten jeweils einen Vortrag zu verschiedenen interessanten Themen. Die Veranstaltung begann mit einer Rede von Frau Lamers, der Projektleiterin, die die Kinder und das Publikum herzlich begr\u00fc\u00dfte und kurz in das Projekt einf\u00fchrte. Alle Kinder waren zu Beginn [&hellip;]","og_url":"https:\/\/gaf.kleve.de\/hp\/5591-2\/","og_site_name":"Gesamtschule am Forstgarten Kleve","article_published_time":"2025-07-17T08:30:29+00:00","article_modified_time":"2025-07-17T08:30:35+00:00","og_image":[{"width":1536,"height":1170,"url":"https:\/\/gaf.kleve.de\/hp\/wp-content\/uploads\/gesamtschule-am-forstgarten-expertenvortrag_banner.jpg","type":"image\/jpeg"}],"author":"Martin Leurs","twitter_card":"summary_large_image","twitter_misc":{"Verfasst von":"Martin Leurs"},"schema":{"@context":"https:\/\/schema.org","@graph":[{"@type":"Article","@id":"https:\/\/gaf.kleve.de\/hp\/5591-2\/#article","isPartOf":{"@id":"https:\/\/gaf.kleve.de\/hp\/5591-2\/"},"author":{"name":"Martin Leurs","@id":"https:\/\/gaf.kleve.de\/hp\/#\/schema\/person\/e62f2ab9d8b33dd1f62c233bad2285a3"},"headline":"Pr\u00e4sentationsnachmittag Expertenvortrag","datePublished":"2025-07-17T08:30:29+00:00","dateModified":"2025-07-17T08:30:35+00:00","mainEntityOfPage":{"@id":"https:\/\/gaf.kleve.de\/hp\/5591-2\/"},"wordCount":377,"publisher":{"@id":"https:\/\/gaf.kleve.de\/hp\/#organization"},"image":{"@id":"https:\/\/gaf.kleve.de\/hp\/5591-2\/#primaryimage"},"thumbnailUrl":"https:\/\/gaf.kleve.de\/hp\/wp-content\/uploads\/gesamtschule-am-forstgarten-expertenvortrag_banner.jpg","inLanguage":"de"},{"@type":"WebPage","@id":"https:\/\/gaf.kleve.de\/hp\/5591-2\/","url":"https:\/\/gaf.kleve.de\/hp\/5591-2\/","name":"Pr\u00e4sentationsnachmittag Expertenvortrag - Gesamtschule am Forstgarten Kleve","isPartOf":{"@id":"https:\/\/gaf.kleve.de\/hp\/#website"},"primaryImageOfPage":{"@id":"https:\/\/gaf.kleve.de\/hp\/5591-2\/#primaryimage"},"image":{"@id":"https:\/\/gaf.kleve.de\/hp\/5591-2\/#primaryimage"},"thumbnailUrl":"https:\/\/gaf.kleve.de\/hp\/wp-content\/uploads\/gesamtschule-am-forstgarten-expertenvortrag_banner.jpg","datePublished":"2025-07-17T08:30:29+00:00","dateModified":"2025-07-17T08:30:35+00:00","breadcrumb":{"@id":"https:\/\/gaf.kleve.de\/hp\/5591-2\/#breadcrumb"},"inLanguage":"de","potentialAction":[{"@type":"ReadAction","target":["https:\/\/gaf.kleve.de\/hp\/5591-2\/"]}]},{"@type":"ImageObject","inLanguage":"de","@id":"https:\/\/gaf.kleve.de\/hp\/5591-2\/#primaryimage","url":"https:\/\/gaf.kleve.de\/hp\/wp-content\/uploads\/gesamtschule-am-forstgarten-expertenvortrag_banner.jpg","contentUrl":"https:\/\/gaf.kleve.de\/hp\/wp-content\/uploads\/gesamtschule-am-forstgarten-expertenvortrag_banner.jpg","width":1536,"height":1170,"caption":"gesamtschule-am-forstgarten-kleve-expertenvortrag"},{"@type":"BreadcrumbList","@id":"https:\/\/gaf.kleve.de\/hp\/5591-2\/#breadcrumb","itemListElement":[{"@type":"ListItem","position":1,"name":"Startseite","item":"https:\/\/gaf.kleve.de\/hp\/"},{"@type":"ListItem","position":2,"name":"Pr\u00e4sentationsnachmittag Expertenvortrag"}]},{"@type":"WebSite","@id":"https:\/\/gaf.kleve.de\/hp\/#website","url":"https:\/\/gaf.kleve.de\/hp\/","name":"Gesamtschule am Forstgarten - Voneinander und miteinander lernen in Kleves gr\u00fcner Mitte","description":"Gesamtschule am Forstgarten - Voneinander und miteinander lernen in Kleves gr\u00fcner Mitte","publisher":{"@id":"https:\/\/gaf.kleve.de\/hp\/#organization"},"potentialAction":[{"@type":"SearchAction","target":{"@type":"EntryPoint","urlTemplate":"https:\/\/gaf.kleve.de\/hp\/?s={search_term_string}"},"query-input":{"@type":"PropertyValueSpecification","valueRequired":true,"valueName":"search_term_string"}}],"inLanguage":"de"},{"@type":"Organization","@id":"https:\/\/gaf.kleve.de\/hp\/#organization","name":"Gesamtschule am Forstgarten Kleve","url":"https:\/\/gaf.kleve.de\/hp\/","logo":{"@type":"ImageObject","inLanguage":"de","@id":"https:\/\/gaf.kleve.de\/hp\/#\/schema\/logo\/image\/","url":"https:\/\/gaf.kleve.de\/hp\/wp-content\/uploads\/2023\/05\/Logo_GaF_RGB.png","contentUrl":"https:\/\/gaf.kleve.de\/hp\/wp-content\/uploads\/2023\/05\/Logo_GaF_RGB.png","width":500,"height":286,"caption":"Gesamtschule am Forstgarten Kleve"},"image":{"@id":"https:\/\/gaf.kleve.de\/hp\/#\/schema\/logo\/image\/"},"sameAs":["https:\/\/www.instagram.com\/gaf_gesamtschuleamforstgarten\/"]},{"@type":"Person","@id":"https:\/\/gaf.kleve.de\/hp\/#\/schema\/person\/e62f2ab9d8b33dd1f62c233bad2285a3","name":"Martin Leurs","url":"https:\/\/gaf.kleve.de\/hp\/author\/martin_leurs\/"}]}},"_links":{"self":[{"href":"https:\/\/gaf.kleve.de\/hp\/wp-json\/wp\/v2\/posts\/5591","targetHints":{"allow":["GET"]}}],"collection":[{"href":"https:\/\/gaf.kleve.de\/hp\/wp-json\/wp\/v2\/posts"}],"about":[{"href":"https:\/\/gaf.kleve.de\/hp\/wp-json\/wp\/v2\/types\/post"}],"author":[{"embeddable":true,"href":"https:\/\/gaf.kleve.de\/hp\/wp-json\/wp\/v2\/users\/2"}],"replies":[{"embeddable":true,"href":"https:\/\/gaf.kleve.de\/hp\/wp-json\/wp\/v2\/comments?post=5591"}],"version-history":[{"count":3,"href":"https:\/\/gaf.kleve.de\/hp\/wp-json\/wp\/v2\/posts\/5591\/revisions"}],"predecessor-version":[{"id":5597,"href":"https:\/\/gaf.kleve.de\/hp\/wp-json\/wp\/v2\/posts\/5591\/revisions\/5597"}],"wp:featuredmedia":[{"embeddable":true,"href":"https:\/\/gaf.kleve.de\/hp\/wp-json\/wp\/v2\/media\/5595"}],"wp:attachment":[{"href":"https:\/\/gaf.kleve.de\/hp\/wp-json\/wp\/v2\/media?parent=5591"}],"wp:term":[{"taxonomy":"category","embeddable":true,"href":"https:\/\/gaf.kleve.de\/hp\/wp-json\/wp\/v2\/categories?post=5591"},{"taxonomy":"post_tag","embeddable":true,"href":"https:\/\/gaf.kleve.de\/hp\/wp-json\/wp\/v2\/tags?post=5591"}],"curies":[{"name":"wp","href":"https:\/\/api.w.org\/{rel}","templated":true}]}}