{"id":5599,"date":"2025-07-17T10:32:21","date_gmt":"2025-07-17T08:32:21","guid":{"rendered":"https:\/\/gaf.kleve.de\/hp\/?p=5599"},"modified":"2025-11-14T09:47:44","modified_gmt":"2025-11-14T08:47:44","slug":"5599-2","status":"publish","type":"post","link":"https:\/\/gaf.kleve.de\/hp\/5599-2\/","title":{"rendered":"Projektwoche \u201ePrima Klima\u201c mit Fokus auf Nachhaltigkeit und Gemeinschaft"},"content":{"rendered":"<p>[et_pb_section fb_built=&#8220;1&#8243; theme_builder_area=&#8220;post_content&#8220; _builder_version=&#8220;4.27.4&#8243; _module_preset=&#8220;default&#8220; da_is_popup=&#8220;off&#8220; da_exit_intent=&#8220;off&#8220; da_has_close=&#8220;on&#8220; da_alt_close=&#8220;off&#8220; da_dark_close=&#8220;off&#8220; da_not_modal=&#8220;on&#8220; da_is_singular=&#8220;off&#8220; da_with_loader=&#8220;off&#8220; da_has_shadow=&#8220;on&#8220; da_disable_devices=&#8220;off|off|off&#8220;][et_pb_row _builder_version=&#8220;4.27.4&#8243; _module_preset=&#8220;default&#8220; theme_builder_area=&#8220;post_content&#8220;][et_pb_column _builder_version=&#8220;4.27.4&#8243; _module_preset=&#8220;default&#8220; type=&#8220;4_4&#8243; theme_builder_area=&#8220;post_content&#8220;][et_pb_text _builder_version=&#8220;4.27.4&#8243; _module_preset=&#8220;default&#8220; theme_builder_area=&#8220;post_content&#8220; hover_enabled=&#8220;0&#8243; sticky_enabled=&#8220;0&#8243;]<\/p>\n<p>In der letzten Schulwoche vor den Sommerferien wurde es an der Gesamtschule am Forstgarten noch einmal besonders kreativ und vielf\u00e4ltig: Unter dem Motto \u201ePrima Klima\u201c fand eine viert\u00e4gige Projektwoche statt, die ganz im Zeichen von Nachhaltigkeit und Gemeinschaft stand.<\/p>\n<p>Der Titel \u201ePrima Klima\u201c war dabei bewusst doppeldeutig gew\u00e4hlt worden. Einerseits bezog er sich auf den bewussten Umgang mit unserer Umwelt, andererseits auf das soziale Miteinander innerhalb der Schulgemeinschaft. In diesem Sinne erdachten und leiteten die Lehrkr\u00e4fte insgesamt 45 Workshops. Die Sch\u00fclerinnen und Sch\u00fcler hatten so die M\u00f6glichkeit, sich praxisnah mit f\u00fcr sie interessanten Aspekten von Umweltbewusstsein, sozialem Miteinander und pers\u00f6nlichem Wohlergehen auseinanderzusetzen.<\/p>\n<p>Die Themen reichten von der Schulhofgestaltung und dem Bau von Nistk\u00e4sten \u00fcber die Herstellung umweltfreundlicher Kosmetik und Fahrradtouren bis hin zu Workshops \u00fcber respektvolle Sprache, den eigenen \u00f6kologischen Fu\u00dfabdruck, den Bau einfacher Wasserfilter und die Bedeutung von Kinderrechten. Auch Bienen und ihre Rolle im \u00d6kosystem, der Bau eines kleinen Solarkraftwerks, Projekte zur St\u00e4rkung der Selbstwahrnehmung sowie zur Frage, was ein gutes Miteinander ausmacht, stie\u00dfen auf gro\u00dfes Interesse. Ebenso gefragt waren Projekte zur Gestaltung nachhaltiger Lebensweisen.<\/p>\n<p>Hervorzuheben ist die jahrgangs\u00fcbergreifende Zusammensetzung aller Arbeitsgruppen: Die Sch\u00fclerinnen und Sch\u00fcler konnten ihre Projekte frei nach ihren Vorlieben w\u00e4hlen und arbeiteten unabh\u00e4ngig von Klassen oder Jahrgangsstufen gemeinsam. Dies war eine neue Erfahrung, die nicht nur das fachliche Lernen, sondern auch den sozialen Umgang f\u00f6rderte.<\/p>\n<p>\u201eDie freie Projektwahl und die jahrgangsgemischten Gruppen haben ganz neue Dynamiken erm\u00f6glicht\u201c, sagte stellvertretender Schulleiter Christian Jakobs. \u201eEs war beeindruckend zu sehen, wie engagiert und offen die Sch\u00fclerinnen und Sch\u00fcler miteinander gearbeitet haben. Mein besonderer Dank gilt allen Kolleginnen und Kollegen, die mit ihren Ideen und ihrem Einsatz diese Woche erst erm\u00f6glicht haben.\u201c<\/p>\n<p>Am Donnerstag pr\u00e4sentierten alle Projektgruppen ihre Ergebnisse bei einem freien Rundgang \u00fcber das komplette Schulgel\u00e4nde. Die gesamte Schulgemeinschaft inklusive Eltern und Geschwister war eingeladen, die vielf\u00e4ltigen Arbeiten zu bewundern. Das bunte Bild zeigte eindrucksvoll, was in drei Tagen entstanden war \u2013 der Vormittag reichte kaum aus, um alle Projekte vollst\u00e4ndig anzusehen und zu erleben.<\/p>\n<p>Der Pr\u00e4sentationstag bot zudem den feierlichen Rahmen f\u00fcr einen besonderen Moment: die offizielle Verabschiedung von Frau Dr. Wecker, die die Schule zum Ende des Schuljahres in den Ruhestand verl\u00e4sst. Auch unter diesem Aspekt war die Woche ein gelungener Abschluss eines ereignisreichen Schuljahres.<\/p>\n<p>Ein gro\u00dfer Dank gilt allen Kolleginnen und Kollegen f\u00fcr die kreative Planung und engagierte Durchf\u00fchrung der Projekte \u2013 insbesondere dem Organisationsteam, die die Projektwoche mit viel Herzblut vorbereitet und koordiniert haben.<\/p>\n<p>Am Freitag wurden die Zeugnisse verteilt, bevor sich die Schulgemeinschaft in die wohlverdienten Sommerferien verabschiedete.<\/p>\n<p>Wir w\u00fcnschen allen Sch\u00fclerinnen und Sch\u00fclern, allen Eltern sowie dem gesamten Kollegium erholsame und entspannte Ferien!<\/p>\n<p>[\/et_pb_text][\/et_pb_column][\/et_pb_row][\/et_pb_section]<\/p>\n","protected":false},"excerpt":{"rendered":"<p>In der letzten Schulwoche vor den Sommerferien wurde es an der Gesamtschule am Forstgarten noch einmal besonders kreativ und vielf\u00e4ltig: Unter dem Motto \u201ePrima Klima\u201c fand eine viert\u00e4gige Projektwoche statt, die ganz im Zeichen von Nachhaltigkeit und Gemeinschaft stand. Der Titel \u201ePrima Klima\u201c war dabei bewusst doppeldeutig gew\u00e4hlt worden. Einerseits bezog er sich auf den [&hellip;]<\/p>\n","protected":false},"author":2,"featured_media":0,"comment_status":"closed","ping_status":"closed","sticky":false,"template":"","format":"standard","meta":{"_et_pb_use_builder":"on","_et_pb_old_content":"","_et_gb_content_width":"","footnotes":""},"categories":[1,112],"tags":[],"class_list":["post-5599","post","type-post","status-publish","format-standard","hentry","category-allgemein","category-nachhaltigkeit"],"yoast_head":"<!-- This site is optimized with the Yoast SEO plugin v27.4 - https:\/\/yoast.com\/product\/yoast-seo-wordpress\/ -->\n<title>Projektwoche \u201ePrima Klima\u201c mit Fokus auf Nachhaltigkeit und Gemeinschaft - Gesamtschule am Forstgarten Kleve<\/title>\n<meta name=\"robots\" content=\"index, follow, max-snippet:-1, max-image-preview:large, max-video-preview:-1\" \/>\n<link rel=\"canonical\" href=\"https:\/\/gaf.kleve.de\/hp\/5599-2\/\" \/>\n<meta property=\"og:locale\" content=\"de_DE\" \/>\n<meta property=\"og:type\" content=\"article\" \/>\n<meta property=\"og:title\" content=\"Projektwoche \u201ePrima Klima\u201c mit Fokus auf Nachhaltigkeit und Gemeinschaft - Gesamtschule am Forstgarten Kleve\" \/>\n<meta property=\"og:description\" content=\"In der letzten Schulwoche vor den Sommerferien wurde es an der Gesamtschule am Forstgarten noch einmal besonders kreativ und vielf\u00e4ltig: Unter dem Motto \u201ePrima Klima\u201c fand eine viert\u00e4gige Projektwoche statt, die ganz im Zeichen von Nachhaltigkeit und Gemeinschaft stand. Der Titel \u201ePrima Klima\u201c war dabei bewusst doppeldeutig gew\u00e4hlt worden. Einerseits bezog er sich auf den [&hellip;]\" \/>\n<meta property=\"og:url\" content=\"https:\/\/gaf.kleve.de\/hp\/5599-2\/\" \/>\n<meta property=\"og:site_name\" content=\"Gesamtschule am Forstgarten Kleve\" \/>\n<meta property=\"article:published_time\" content=\"2025-07-17T08:32:21+00:00\" \/>\n<meta property=\"article:modified_time\" content=\"2025-11-14T08:47:44+00:00\" \/>\n<meta name=\"author\" content=\"Martin Leurs\" \/>\n<meta name=\"twitter:card\" content=\"summary_large_image\" \/>\n<meta name=\"twitter:label1\" content=\"Verfasst von\" \/>\n\t<meta name=\"twitter:data1\" content=\"Martin Leurs\" \/>\n<script type=\"application\/ld+json\" class=\"yoast-schema-graph\">{\"@context\":\"https:\\\/\\\/schema.org\",\"@graph\":[{\"@type\":\"Article\",\"@id\":\"https:\\\/\\\/gaf.kleve.de\\\/hp\\\/5599-2\\\/#article\",\"isPartOf\":{\"@id\":\"https:\\\/\\\/gaf.kleve.de\\\/hp\\\/5599-2\\\/\"},\"author\":{\"name\":\"Martin Leurs\",\"@id\":\"https:\\\/\\\/gaf.kleve.de\\\/hp\\\/#\\\/schema\\\/person\\\/e62f2ab9d8b33dd1f62c233bad2285a3\"},\"headline\":\"Projektwoche \u201ePrima Klima\u201c mit Fokus auf Nachhaltigkeit und Gemeinschaft\",\"datePublished\":\"2025-07-17T08:32:21+00:00\",\"dateModified\":\"2025-11-14T08:47:44+00:00\",\"mainEntityOfPage\":{\"@id\":\"https:\\\/\\\/gaf.kleve.de\\\/hp\\\/5599-2\\\/\"},\"wordCount\":588,\"publisher\":{\"@id\":\"https:\\\/\\\/gaf.kleve.de\\\/hp\\\/#organization\"},\"articleSection\":{\"1\":\"Nachhaltigkeit\"},\"inLanguage\":\"de\"},{\"@type\":\"WebPage\",\"@id\":\"https:\\\/\\\/gaf.kleve.de\\\/hp\\\/5599-2\\\/\",\"url\":\"https:\\\/\\\/gaf.kleve.de\\\/hp\\\/5599-2\\\/\",\"name\":\"Projektwoche \u201ePrima Klima\u201c mit Fokus auf Nachhaltigkeit und Gemeinschaft - Gesamtschule am Forstgarten Kleve\",\"isPartOf\":{\"@id\":\"https:\\\/\\\/gaf.kleve.de\\\/hp\\\/#website\"},\"datePublished\":\"2025-07-17T08:32:21+00:00\",\"dateModified\":\"2025-11-14T08:47:44+00:00\",\"breadcrumb\":{\"@id\":\"https:\\\/\\\/gaf.kleve.de\\\/hp\\\/5599-2\\\/#breadcrumb\"},\"inLanguage\":\"de\",\"potentialAction\":[{\"@type\":\"ReadAction\",\"target\":[\"https:\\\/\\\/gaf.kleve.de\\\/hp\\\/5599-2\\\/\"]}]},{\"@type\":\"BreadcrumbList\",\"@id\":\"https:\\\/\\\/gaf.kleve.de\\\/hp\\\/5599-2\\\/#breadcrumb\",\"itemListElement\":[{\"@type\":\"ListItem\",\"position\":1,\"name\":\"Startseite\",\"item\":\"https:\\\/\\\/gaf.kleve.de\\\/hp\\\/\"},{\"@type\":\"ListItem\",\"position\":2,\"name\":\"Projektwoche \u201ePrima Klima\u201c mit Fokus auf Nachhaltigkeit und Gemeinschaft\"}]},{\"@type\":\"WebSite\",\"@id\":\"https:\\\/\\\/gaf.kleve.de\\\/hp\\\/#website\",\"url\":\"https:\\\/\\\/gaf.kleve.de\\\/hp\\\/\",\"name\":\"Gesamtschule am Forstgarten - Voneinander und miteinander lernen in Kleves gr\u00fcner Mitte\",\"description\":\"Gesamtschule am Forstgarten - Voneinander und miteinander lernen in Kleves gr\u00fcner Mitte\",\"publisher\":{\"@id\":\"https:\\\/\\\/gaf.kleve.de\\\/hp\\\/#organization\"},\"potentialAction\":[{\"@type\":\"SearchAction\",\"target\":{\"@type\":\"EntryPoint\",\"urlTemplate\":\"https:\\\/\\\/gaf.kleve.de\\\/hp\\\/?s={search_term_string}\"},\"query-input\":{\"@type\":\"PropertyValueSpecification\",\"valueRequired\":true,\"valueName\":\"search_term_string\"}}],\"inLanguage\":\"de\"},{\"@type\":\"Organization\",\"@id\":\"https:\\\/\\\/gaf.kleve.de\\\/hp\\\/#organization\",\"name\":\"Gesamtschule am Forstgarten Kleve\",\"url\":\"https:\\\/\\\/gaf.kleve.de\\\/hp\\\/\",\"logo\":{\"@type\":\"ImageObject\",\"inLanguage\":\"de\",\"@id\":\"https:\\\/\\\/gaf.kleve.de\\\/hp\\\/#\\\/schema\\\/logo\\\/image\\\/\",\"url\":\"https:\\\/\\\/gaf.kleve.de\\\/hp\\\/wp-content\\\/uploads\\\/2023\\\/05\\\/Logo_GaF_RGB.png\",\"contentUrl\":\"https:\\\/\\\/gaf.kleve.de\\\/hp\\\/wp-content\\\/uploads\\\/2023\\\/05\\\/Logo_GaF_RGB.png\",\"width\":500,\"height\":286,\"caption\":\"Gesamtschule am Forstgarten Kleve\"},\"image\":{\"@id\":\"https:\\\/\\\/gaf.kleve.de\\\/hp\\\/#\\\/schema\\\/logo\\\/image\\\/\"},\"sameAs\":[\"https:\\\/\\\/www.instagram.com\\\/gaf_gesamtschuleamforstgarten\\\/\"]},{\"@type\":\"Person\",\"@id\":\"https:\\\/\\\/gaf.kleve.de\\\/hp\\\/#\\\/schema\\\/person\\\/e62f2ab9d8b33dd1f62c233bad2285a3\",\"name\":\"Martin Leurs\",\"url\":\"https:\\\/\\\/gaf.kleve.de\\\/hp\\\/author\\\/martin_leurs\\\/\"}]}<\/script>\n<!-- \/ Yoast SEO plugin. -->","yoast_head_json":{"title":"Projektwoche \u201ePrima Klima\u201c mit Fokus auf Nachhaltigkeit und Gemeinschaft - Gesamtschule am Forstgarten Kleve","robots":{"index":"index","follow":"follow","max-snippet":"max-snippet:-1","max-image-preview":"max-image-preview:large","max-video-preview":"max-video-preview:-1"},"canonical":"https:\/\/gaf.kleve.de\/hp\/5599-2\/","og_locale":"de_DE","og_type":"article","og_title":"Projektwoche \u201ePrima Klima\u201c mit Fokus auf Nachhaltigkeit und Gemeinschaft - Gesamtschule am Forstgarten Kleve","og_description":"In der letzten Schulwoche vor den Sommerferien wurde es an der Gesamtschule am Forstgarten noch einmal besonders kreativ und vielf\u00e4ltig: Unter dem Motto \u201ePrima Klima\u201c fand eine viert\u00e4gige Projektwoche statt, die ganz im Zeichen von Nachhaltigkeit und Gemeinschaft stand. Der Titel \u201ePrima Klima\u201c war dabei bewusst doppeldeutig gew\u00e4hlt worden. Einerseits bezog er sich auf den [&hellip;]","og_url":"https:\/\/gaf.kleve.de\/hp\/5599-2\/","og_site_name":"Gesamtschule am Forstgarten Kleve","article_published_time":"2025-07-17T08:32:21+00:00","article_modified_time":"2025-11-14T08:47:44+00:00","author":"Martin Leurs","twitter_card":"summary_large_image","twitter_misc":{"Verfasst von":"Martin Leurs"},"schema":{"@context":"https:\/\/schema.org","@graph":[{"@type":"Article","@id":"https:\/\/gaf.kleve.de\/hp\/5599-2\/#article","isPartOf":{"@id":"https:\/\/gaf.kleve.de\/hp\/5599-2\/"},"author":{"name":"Martin Leurs","@id":"https:\/\/gaf.kleve.de\/hp\/#\/schema\/person\/e62f2ab9d8b33dd1f62c233bad2285a3"},"headline":"Projektwoche \u201ePrima Klima\u201c mit Fokus auf Nachhaltigkeit und Gemeinschaft","datePublished":"2025-07-17T08:32:21+00:00","dateModified":"2025-11-14T08:47:44+00:00","mainEntityOfPage":{"@id":"https:\/\/gaf.kleve.de\/hp\/5599-2\/"},"wordCount":588,"publisher":{"@id":"https:\/\/gaf.kleve.de\/hp\/#organization"},"articleSection":{"1":"Nachhaltigkeit"},"inLanguage":"de"},{"@type":"WebPage","@id":"https:\/\/gaf.kleve.de\/hp\/5599-2\/","url":"https:\/\/gaf.kleve.de\/hp\/5599-2\/","name":"Projektwoche \u201ePrima Klima\u201c mit Fokus auf Nachhaltigkeit und Gemeinschaft - Gesamtschule am Forstgarten Kleve","isPartOf":{"@id":"https:\/\/gaf.kleve.de\/hp\/#website"},"datePublished":"2025-07-17T08:32:21+00:00","dateModified":"2025-11-14T08:47:44+00:00","breadcrumb":{"@id":"https:\/\/gaf.kleve.de\/hp\/5599-2\/#breadcrumb"},"inLanguage":"de","potentialAction":[{"@type":"ReadAction","target":["https:\/\/gaf.kleve.de\/hp\/5599-2\/"]}]},{"@type":"BreadcrumbList","@id":"https:\/\/gaf.kleve.de\/hp\/5599-2\/#breadcrumb","itemListElement":[{"@type":"ListItem","position":1,"name":"Startseite","item":"https:\/\/gaf.kleve.de\/hp\/"},{"@type":"ListItem","position":2,"name":"Projektwoche \u201ePrima Klima\u201c mit Fokus auf Nachhaltigkeit und Gemeinschaft"}]},{"@type":"WebSite","@id":"https:\/\/gaf.kleve.de\/hp\/#website","url":"https:\/\/gaf.kleve.de\/hp\/","name":"Gesamtschule am Forstgarten - Voneinander und miteinander lernen in Kleves gr\u00fcner Mitte","description":"Gesamtschule am Forstgarten - Voneinander und miteinander lernen in Kleves gr\u00fcner Mitte","publisher":{"@id":"https:\/\/gaf.kleve.de\/hp\/#organization"},"potentialAction":[{"@type":"SearchAction","target":{"@type":"EntryPoint","urlTemplate":"https:\/\/gaf.kleve.de\/hp\/?s={search_term_string}"},"query-input":{"@type":"PropertyValueSpecification","valueRequired":true,"valueName":"search_term_string"}}],"inLanguage":"de"},{"@type":"Organization","@id":"https:\/\/gaf.kleve.de\/hp\/#organization","name":"Gesamtschule am Forstgarten Kleve","url":"https:\/\/gaf.kleve.de\/hp\/","logo":{"@type":"ImageObject","inLanguage":"de","@id":"https:\/\/gaf.kleve.de\/hp\/#\/schema\/logo\/image\/","url":"https:\/\/gaf.kleve.de\/hp\/wp-content\/uploads\/2023\/05\/Logo_GaF_RGB.png","contentUrl":"https:\/\/gaf.kleve.de\/hp\/wp-content\/uploads\/2023\/05\/Logo_GaF_RGB.png","width":500,"height":286,"caption":"Gesamtschule am Forstgarten Kleve"},"image":{"@id":"https:\/\/gaf.kleve.de\/hp\/#\/schema\/logo\/image\/"},"sameAs":["https:\/\/www.instagram.com\/gaf_gesamtschuleamforstgarten\/"]},{"@type":"Person","@id":"https:\/\/gaf.kleve.de\/hp\/#\/schema\/person\/e62f2ab9d8b33dd1f62c233bad2285a3","name":"Martin Leurs","url":"https:\/\/gaf.kleve.de\/hp\/author\/martin_leurs\/"}]}},"_links":{"self":[{"href":"https:\/\/gaf.kleve.de\/hp\/wp-json\/wp\/v2\/posts\/5599","targetHints":{"allow":["GET"]}}],"collection":[{"href":"https:\/\/gaf.kleve.de\/hp\/wp-json\/wp\/v2\/posts"}],"about":[{"href":"https:\/\/gaf.kleve.de\/hp\/wp-json\/wp\/v2\/types\/post"}],"author":[{"embeddable":true,"href":"https:\/\/gaf.kleve.de\/hp\/wp-json\/wp\/v2\/users\/2"}],"replies":[{"embeddable":true,"href":"https:\/\/gaf.kleve.de\/hp\/wp-json\/wp\/v2\/comments?post=5599"}],"version-history":[{"count":4,"href":"https:\/\/gaf.kleve.de\/hp\/wp-json\/wp\/v2\/posts\/5599\/revisions"}],"predecessor-version":[{"id":5604,"href":"https:\/\/gaf.kleve.de\/hp\/wp-json\/wp\/v2\/posts\/5599\/revisions\/5604"}],"wp:attachment":[{"href":"https:\/\/gaf.kleve.de\/hp\/wp-json\/wp\/v2\/media?parent=5599"}],"wp:term":[{"taxonomy":"category","embeddable":true,"href":"https:\/\/gaf.kleve.de\/hp\/wp-json\/wp\/v2\/categories?post=5599"},{"taxonomy":"post_tag","embeddable":true,"href":"https:\/\/gaf.kleve.de\/hp\/wp-json\/wp\/v2\/tags?post=5599"}],"curies":[{"name":"wp","href":"https:\/\/api.w.org\/{rel}","templated":true}]}}