{"id":6047,"date":"2025-12-07T19:57:42","date_gmt":"2025-12-07T18:57:42","guid":{"rendered":"https:\/\/gaf.kleve.de\/hp\/?p=6047"},"modified":"2025-12-10T12:08:23","modified_gmt":"2025-12-10T11:08:23","slug":"weerzien-mit-unseren-niederlaendischen-freunden","status":"publish","type":"post","link":"https:\/\/gaf.kleve.de\/hp\/weerzien-mit-unseren-niederlaendischen-freunden\/","title":{"rendered":"\u201eWeerzien\u201c mit unseren niederl\u00e4ndischen Freunden"},"content":{"rendered":"<p>[et_pb_section fb_built=&#8220;1&#8243; theme_builder_area=&#8220;post_content&#8220; _builder_version=&#8220;4.27.4&#8243; _module_preset=&#8220;default&#8220; custom_padding=&#8220;0px|||||&#8220; min_height=&#8220;502.6px&#8220; hover_enabled=&#8220;0&#8243; sticky_enabled=&#8220;0&#8243; da_is_popup=&#8220;off&#8220; da_exit_intent=&#8220;off&#8220; da_has_close=&#8220;on&#8220; da_alt_close=&#8220;off&#8220; da_dark_close=&#8220;off&#8220; da_not_modal=&#8220;on&#8220; da_is_singular=&#8220;off&#8220; da_with_loader=&#8220;off&#8220; da_has_shadow=&#8220;on&#8220; da_disable_devices=&#8220;off|off|off&#8220;][et_pb_row _builder_version=&#8220;4.27.4&#8243; _module_preset=&#8220;default&#8220; theme_builder_area=&#8220;post_content&#8220; min_height=&#8220;495.6px&#8220; custom_margin=&#8220;|auto|-106px|auto||&#8220; custom_padding=&#8220;27px|||||&#8220;][et_pb_column _builder_version=&#8220;4.27.4&#8243; _module_preset=&#8220;default&#8220; type=&#8220;4_4&#8243; theme_builder_area=&#8220;post_content&#8220;][et_pb_text _builder_version=&#8220;4.27.4&#8243; _module_preset=&#8220;default&#8220; theme_builder_area=&#8220;post_content&#8220; hover_enabled=&#8220;0&#8243; sticky_enabled=&#8220;0&#8243;]<\/p>\n<p>Am 24.01.2025 besuchten die Sch\u00fclerinnen und Sch\u00fcler der Niederl\u00e4ndischkurse des Jahrgang 8 mit ihren Lehrkr\u00e4ften Frau te Voort und Herrn van Rongen das Almende College in Silvolde. Dort wollten unsere Sch\u00fclerinnen und Sch\u00fcler ihre niederl\u00e4ndischen Austauschpartner wiedersehen, die sie erst eine Woche vorher an unserer Schule kennengelernt hatten.<\/p>\n<p>Angekommen am Almende College wurden die deutschen Sch\u00fclerinnen und Sch\u00fcler herzlich von ihren niederl\u00e4ndischen Freunden begr\u00fc\u00dft und in die Mensa begleitet. Dort wurde das anstehende Tagesprogramm besprochen und es wurden zusammen einige Warm-up-Spiele gespielt, bevor nach einer kleinen Pause ein buntes Sportprogramm anstand: An verschiedenen Stationen konnten sie gemeinsam Hockey spielen, Trampolin springen, schaukeln sowie Tischtennis und Fu\u00dfball spielen.<\/p>\n<p>Nach so viel Sport waren alle sehr hungrig. Gl\u00fccklicherweise hatten unsere niederl\u00e4ndischen Gastgeber auch an die Versorgung aller Teilnehmerinnen und Teilnehmer gedacht. In dem modern eingerichteten Caf\u00e9 der Schule wurde eine echte kulinarische Delikatesse aus Sch\u00fclerperspektive serviert: Hot Dogs mit viel Ketchup und Mayonnaise! Was will man mehr?<\/p>\n<p>Nachdem sich alle gest\u00e4rkt hatten, ging es f\u00fcr die Sch\u00fclerinnen und Sch\u00fcler wieder an die \u201cArbeit\u201c: Aufgeteilt in Gruppen mussten sie bekannte deutsche und niederl\u00e4ndische Lieder in die richtige chronologische Reihenfolge ihrer Entstehungszeit setzen, ihren deutsch-niederl\u00e4ndischen Wortschatz beim Memoryspielen erweitern und ihre geografischen Kenntnisse aufpolieren.<\/p>\n<p>Insgesamt war der Besuch des Almende College f\u00fcr die Sch\u00fclerinnen und Sch\u00fcler sehr spannend, denn sie konnten einen kleinen Einblick in den niederl\u00e4ndischen Schulalltag bekommen, ihre im Niederl\u00e4ndischunterricht erworbenen Sprachkenntnisse in der Praxis anwenden und neue Freunde finden. Diese tollen Erfahrungen wurden dank der finanziellen Unterst\u00fctzung durch die Euregio Rhein-Waal m\u00f6glich gemacht.<\/p>\n<p>[\/et_pb_text][\/et_pb_column][\/et_pb_row][\/et_pb_section][et_pb_section fb_built=&#8220;1&#8243; theme_builder_area=&#8220;post_content&#8220; _builder_version=&#8220;4.27.4&#8243; _module_preset=&#8220;default&#8220; da_is_popup=&#8220;off&#8220; da_exit_intent=&#8220;off&#8220; da_has_close=&#8220;on&#8220; da_alt_close=&#8220;off&#8220; da_dark_close=&#8220;off&#8220; da_not_modal=&#8220;on&#8220; da_is_singular=&#8220;off&#8220; da_with_loader=&#8220;off&#8220; da_has_shadow=&#8220;on&#8220; da_disable_devices=&#8220;off|off|off&#8220;][et_pb_row _builder_version=&#8220;4.27.4&#8243; _module_preset=&#8220;default&#8220; theme_builder_area=&#8220;post_content&#8220; hover_enabled=&#8220;0&#8243; sticky_enabled=&#8220;0&#8243;][et_pb_column _builder_version=&#8220;4.27.4&#8243; _module_preset=&#8220;default&#8220; type=&#8220;4_4&#8243; theme_builder_area=&#8220;post_content&#8220;][et_pb_gallery _builder_version=&#8220;4.27.4&#8243; _module_preset=&#8220;default&#8220; theme_builder_area=&#8220;post_content&#8220; gallery_ids=&#8220;6052,6053,6054,6049&#8243; show_title_and_caption=&#8220;off&#8220; show_pagination=&#8220;off&#8220; hover_enabled=&#8220;0&#8243; sticky_enabled=&#8220;0&#8243;][\/et_pb_gallery][\/et_pb_column][\/et_pb_row][\/et_pb_section]<\/p>\n","protected":false},"excerpt":{"rendered":"<p>Am 24.01.2025 besuchten die Sch\u00fclerinnen und Sch\u00fcler der Niederl\u00e4ndischkurse des Jahrgang 8 mit ihren Lehrkr\u00e4ften Frau te Voort und Herrn van Rongen das Almende College in Silvolde. Dort wollten unsere Sch\u00fclerinnen und Sch\u00fcler ihre niederl\u00e4ndischen Austauschpartner wiedersehen, die sie erst eine Woche vorher an unserer Schule kennengelernt hatten. Angekommen am Almende College wurden die deutschen [&hellip;]<\/p>\n","protected":false},"author":8,"featured_media":6049,"comment_status":"closed","ping_status":"closed","sticky":false,"template":"","format":"standard","meta":{"_et_pb_use_builder":"on","_et_pb_old_content":"","_et_gb_content_width":"","footnotes":""},"categories":[1,52,12,45],"tags":[],"class_list":["post-6047","post","type-post","status-publish","format-standard","has-post-thumbnail","hentry","category-allgemein","category-kooperationen","category-sprachen","category-veranstaltungen"],"yoast_head":"<!-- This site is optimized with the Yoast SEO plugin v27.4 - https:\/\/yoast.com\/product\/yoast-seo-wordpress\/ -->\n<title>\u201eWeerzien\u201c mit unseren niederl\u00e4ndischen Freunden - Gesamtschule am Forstgarten Kleve<\/title>\n<meta name=\"robots\" content=\"index, follow, max-snippet:-1, max-image-preview:large, max-video-preview:-1\" \/>\n<link rel=\"canonical\" href=\"https:\/\/gaf.kleve.de\/hp\/weerzien-mit-unseren-niederlaendischen-freunden\/\" \/>\n<meta property=\"og:locale\" content=\"de_DE\" \/>\n<meta property=\"og:type\" content=\"article\" \/>\n<meta property=\"og:title\" content=\"\u201eWeerzien\u201c mit unseren niederl\u00e4ndischen Freunden - Gesamtschule am Forstgarten Kleve\" \/>\n<meta property=\"og:description\" content=\"Am 24.01.2025 besuchten die Sch\u00fclerinnen und Sch\u00fcler der Niederl\u00e4ndischkurse des Jahrgang 8 mit ihren Lehrkr\u00e4ften Frau te Voort und Herrn van Rongen das Almende College in Silvolde. Dort wollten unsere Sch\u00fclerinnen und Sch\u00fcler ihre niederl\u00e4ndischen Austauschpartner wiedersehen, die sie erst eine Woche vorher an unserer Schule kennengelernt hatten. Angekommen am Almende College wurden die deutschen [&hellip;]\" \/>\n<meta property=\"og:url\" content=\"https:\/\/gaf.kleve.de\/hp\/weerzien-mit-unseren-niederlaendischen-freunden\/\" \/>\n<meta property=\"og:site_name\" content=\"Gesamtschule am Forstgarten Kleve\" \/>\n<meta property=\"article:published_time\" content=\"2025-12-07T18:57:42+00:00\" \/>\n<meta property=\"article:modified_time\" content=\"2025-12-10T11:08:23+00:00\" \/>\n<meta property=\"og:image\" content=\"https:\/\/gaf.kleve.de\/hp\/wp-content\/uploads\/Gruppenbild-in-Kleve-2025.jpg\" \/>\n\t<meta property=\"og:image:width\" content=\"2000\" \/>\n\t<meta property=\"og:image:height\" content=\"1500\" \/>\n\t<meta property=\"og:image:type\" content=\"image\/jpeg\" \/>\n<meta name=\"author\" content=\"Maurice Coenjaerts\" \/>\n<meta name=\"twitter:card\" content=\"summary_large_image\" \/>\n<meta name=\"twitter:label1\" content=\"Verfasst von\" \/>\n\t<meta name=\"twitter:data1\" content=\"Maurice Coenjaerts\" \/>\n\t<meta name=\"twitter:label2\" content=\"Gesch\u00e4tzte Lesezeit\" \/>\n\t<meta name=\"twitter:data2\" content=\"1\u00a0Minute\" \/>\n<script type=\"application\/ld+json\" class=\"yoast-schema-graph\">{\"@context\":\"https:\\\/\\\/schema.org\",\"@graph\":[{\"@type\":\"Article\",\"@id\":\"https:\\\/\\\/gaf.kleve.de\\\/hp\\\/weerzien-mit-unseren-niederlaendischen-freunden\\\/#article\",\"isPartOf\":{\"@id\":\"https:\\\/\\\/gaf.kleve.de\\\/hp\\\/weerzien-mit-unseren-niederlaendischen-freunden\\\/\"},\"author\":{\"name\":\"Maurice Coenjaerts\",\"@id\":\"https:\\\/\\\/gaf.kleve.de\\\/hp\\\/#\\\/schema\\\/person\\\/9d0300e75e30ca50fdef632edf9b9574\"},\"headline\":\"\u201eWeerzien\u201c mit unseren niederl\u00e4ndischen Freunden\",\"datePublished\":\"2025-12-07T18:57:42+00:00\",\"dateModified\":\"2025-12-10T11:08:23+00:00\",\"mainEntityOfPage\":{\"@id\":\"https:\\\/\\\/gaf.kleve.de\\\/hp\\\/weerzien-mit-unseren-niederlaendischen-freunden\\\/\"},\"wordCount\":546,\"publisher\":{\"@id\":\"https:\\\/\\\/gaf.kleve.de\\\/hp\\\/#organization\"},\"image\":{\"@id\":\"https:\\\/\\\/gaf.kleve.de\\\/hp\\\/weerzien-mit-unseren-niederlaendischen-freunden\\\/#primaryimage\"},\"thumbnailUrl\":\"https:\\\/\\\/gaf.kleve.de\\\/hp\\\/wp-content\\\/uploads\\\/Gruppenbild-in-Kleve-2025.jpg\",\"articleSection\":{\"1\":\"Kooperationen\",\"2\":\"Sprachen\",\"3\":\"Veranstaltungen\"},\"inLanguage\":\"de\"},{\"@type\":\"WebPage\",\"@id\":\"https:\\\/\\\/gaf.kleve.de\\\/hp\\\/weerzien-mit-unseren-niederlaendischen-freunden\\\/\",\"url\":\"https:\\\/\\\/gaf.kleve.de\\\/hp\\\/weerzien-mit-unseren-niederlaendischen-freunden\\\/\",\"name\":\"\u201eWeerzien\u201c mit unseren niederl\u00e4ndischen Freunden - Gesamtschule am Forstgarten Kleve\",\"isPartOf\":{\"@id\":\"https:\\\/\\\/gaf.kleve.de\\\/hp\\\/#website\"},\"primaryImageOfPage\":{\"@id\":\"https:\\\/\\\/gaf.kleve.de\\\/hp\\\/weerzien-mit-unseren-niederlaendischen-freunden\\\/#primaryimage\"},\"image\":{\"@id\":\"https:\\\/\\\/gaf.kleve.de\\\/hp\\\/weerzien-mit-unseren-niederlaendischen-freunden\\\/#primaryimage\"},\"thumbnailUrl\":\"https:\\\/\\\/gaf.kleve.de\\\/hp\\\/wp-content\\\/uploads\\\/Gruppenbild-in-Kleve-2025.jpg\",\"datePublished\":\"2025-12-07T18:57:42+00:00\",\"dateModified\":\"2025-12-10T11:08:23+00:00\",\"breadcrumb\":{\"@id\":\"https:\\\/\\\/gaf.kleve.de\\\/hp\\\/weerzien-mit-unseren-niederlaendischen-freunden\\\/#breadcrumb\"},\"inLanguage\":\"de\",\"potentialAction\":[{\"@type\":\"ReadAction\",\"target\":[\"https:\\\/\\\/gaf.kleve.de\\\/hp\\\/weerzien-mit-unseren-niederlaendischen-freunden\\\/\"]}]},{\"@type\":\"ImageObject\",\"inLanguage\":\"de\",\"@id\":\"https:\\\/\\\/gaf.kleve.de\\\/hp\\\/weerzien-mit-unseren-niederlaendischen-freunden\\\/#primaryimage\",\"url\":\"https:\\\/\\\/gaf.kleve.de\\\/hp\\\/wp-content\\\/uploads\\\/Gruppenbild-in-Kleve-2025.jpg\",\"contentUrl\":\"https:\\\/\\\/gaf.kleve.de\\\/hp\\\/wp-content\\\/uploads\\\/Gruppenbild-in-Kleve-2025.jpg\",\"width\":2000,\"height\":1500},{\"@type\":\"BreadcrumbList\",\"@id\":\"https:\\\/\\\/gaf.kleve.de\\\/hp\\\/weerzien-mit-unseren-niederlaendischen-freunden\\\/#breadcrumb\",\"itemListElement\":[{\"@type\":\"ListItem\",\"position\":1,\"name\":\"Startseite\",\"item\":\"https:\\\/\\\/gaf.kleve.de\\\/hp\\\/\"},{\"@type\":\"ListItem\",\"position\":2,\"name\":\"\u201eWeerzien\u201c mit unseren niederl\u00e4ndischen Freunden\"}]},{\"@type\":\"WebSite\",\"@id\":\"https:\\\/\\\/gaf.kleve.de\\\/hp\\\/#website\",\"url\":\"https:\\\/\\\/gaf.kleve.de\\\/hp\\\/\",\"name\":\"Gesamtschule am Forstgarten - Voneinander und miteinander lernen in Kleves gr\u00fcner Mitte\",\"description\":\"Gesamtschule am Forstgarten - Voneinander und miteinander lernen in Kleves gr\u00fcner Mitte\",\"publisher\":{\"@id\":\"https:\\\/\\\/gaf.kleve.de\\\/hp\\\/#organization\"},\"potentialAction\":[{\"@type\":\"SearchAction\",\"target\":{\"@type\":\"EntryPoint\",\"urlTemplate\":\"https:\\\/\\\/gaf.kleve.de\\\/hp\\\/?s={search_term_string}\"},\"query-input\":{\"@type\":\"PropertyValueSpecification\",\"valueRequired\":true,\"valueName\":\"search_term_string\"}}],\"inLanguage\":\"de\"},{\"@type\":\"Organization\",\"@id\":\"https:\\\/\\\/gaf.kleve.de\\\/hp\\\/#organization\",\"name\":\"Gesamtschule am Forstgarten Kleve\",\"url\":\"https:\\\/\\\/gaf.kleve.de\\\/hp\\\/\",\"logo\":{\"@type\":\"ImageObject\",\"inLanguage\":\"de\",\"@id\":\"https:\\\/\\\/gaf.kleve.de\\\/hp\\\/#\\\/schema\\\/logo\\\/image\\\/\",\"url\":\"https:\\\/\\\/gaf.kleve.de\\\/hp\\\/wp-content\\\/uploads\\\/2023\\\/05\\\/Logo_GaF_RGB.png\",\"contentUrl\":\"https:\\\/\\\/gaf.kleve.de\\\/hp\\\/wp-content\\\/uploads\\\/2023\\\/05\\\/Logo_GaF_RGB.png\",\"width\":500,\"height\":286,\"caption\":\"Gesamtschule am Forstgarten Kleve\"},\"image\":{\"@id\":\"https:\\\/\\\/gaf.kleve.de\\\/hp\\\/#\\\/schema\\\/logo\\\/image\\\/\"},\"sameAs\":[\"https:\\\/\\\/www.instagram.com\\\/gaf_gesamtschuleamforstgarten\\\/\"]},{\"@type\":\"Person\",\"@id\":\"https:\\\/\\\/gaf.kleve.de\\\/hp\\\/#\\\/schema\\\/person\\\/9d0300e75e30ca50fdef632edf9b9574\",\"name\":\"Maurice Coenjaerts\",\"url\":\"https:\\\/\\\/gaf.kleve.de\\\/hp\\\/author\\\/maurice-coenjaerts\\\/\"}]}<\/script>\n<!-- \/ Yoast SEO plugin. -->","yoast_head_json":{"title":"\u201eWeerzien\u201c mit unseren niederl\u00e4ndischen Freunden - Gesamtschule am Forstgarten Kleve","robots":{"index":"index","follow":"follow","max-snippet":"max-snippet:-1","max-image-preview":"max-image-preview:large","max-video-preview":"max-video-preview:-1"},"canonical":"https:\/\/gaf.kleve.de\/hp\/weerzien-mit-unseren-niederlaendischen-freunden\/","og_locale":"de_DE","og_type":"article","og_title":"\u201eWeerzien\u201c mit unseren niederl\u00e4ndischen Freunden - Gesamtschule am Forstgarten Kleve","og_description":"Am 24.01.2025 besuchten die Sch\u00fclerinnen und Sch\u00fcler der Niederl\u00e4ndischkurse des Jahrgang 8 mit ihren Lehrkr\u00e4ften Frau te Voort und Herrn van Rongen das Almende College in Silvolde. Dort wollten unsere Sch\u00fclerinnen und Sch\u00fcler ihre niederl\u00e4ndischen Austauschpartner wiedersehen, die sie erst eine Woche vorher an unserer Schule kennengelernt hatten. Angekommen am Almende College wurden die deutschen [&hellip;]","og_url":"https:\/\/gaf.kleve.de\/hp\/weerzien-mit-unseren-niederlaendischen-freunden\/","og_site_name":"Gesamtschule am Forstgarten Kleve","article_published_time":"2025-12-07T18:57:42+00:00","article_modified_time":"2025-12-10T11:08:23+00:00","og_image":[{"width":2000,"height":1500,"url":"https:\/\/gaf.kleve.de\/hp\/wp-content\/uploads\/Gruppenbild-in-Kleve-2025.jpg","type":"image\/jpeg"}],"author":"Maurice Coenjaerts","twitter_card":"summary_large_image","twitter_misc":{"Verfasst von":"Maurice Coenjaerts","Gesch\u00e4tzte Lesezeit":"1\u00a0Minute"},"schema":{"@context":"https:\/\/schema.org","@graph":[{"@type":"Article","@id":"https:\/\/gaf.kleve.de\/hp\/weerzien-mit-unseren-niederlaendischen-freunden\/#article","isPartOf":{"@id":"https:\/\/gaf.kleve.de\/hp\/weerzien-mit-unseren-niederlaendischen-freunden\/"},"author":{"name":"Maurice Coenjaerts","@id":"https:\/\/gaf.kleve.de\/hp\/#\/schema\/person\/9d0300e75e30ca50fdef632edf9b9574"},"headline":"\u201eWeerzien\u201c mit unseren niederl\u00e4ndischen Freunden","datePublished":"2025-12-07T18:57:42+00:00","dateModified":"2025-12-10T11:08:23+00:00","mainEntityOfPage":{"@id":"https:\/\/gaf.kleve.de\/hp\/weerzien-mit-unseren-niederlaendischen-freunden\/"},"wordCount":546,"publisher":{"@id":"https:\/\/gaf.kleve.de\/hp\/#organization"},"image":{"@id":"https:\/\/gaf.kleve.de\/hp\/weerzien-mit-unseren-niederlaendischen-freunden\/#primaryimage"},"thumbnailUrl":"https:\/\/gaf.kleve.de\/hp\/wp-content\/uploads\/Gruppenbild-in-Kleve-2025.jpg","articleSection":{"1":"Kooperationen","2":"Sprachen","3":"Veranstaltungen"},"inLanguage":"de"},{"@type":"WebPage","@id":"https:\/\/gaf.kleve.de\/hp\/weerzien-mit-unseren-niederlaendischen-freunden\/","url":"https:\/\/gaf.kleve.de\/hp\/weerzien-mit-unseren-niederlaendischen-freunden\/","name":"\u201eWeerzien\u201c mit unseren niederl\u00e4ndischen Freunden - Gesamtschule am Forstgarten Kleve","isPartOf":{"@id":"https:\/\/gaf.kleve.de\/hp\/#website"},"primaryImageOfPage":{"@id":"https:\/\/gaf.kleve.de\/hp\/weerzien-mit-unseren-niederlaendischen-freunden\/#primaryimage"},"image":{"@id":"https:\/\/gaf.kleve.de\/hp\/weerzien-mit-unseren-niederlaendischen-freunden\/#primaryimage"},"thumbnailUrl":"https:\/\/gaf.kleve.de\/hp\/wp-content\/uploads\/Gruppenbild-in-Kleve-2025.jpg","datePublished":"2025-12-07T18:57:42+00:00","dateModified":"2025-12-10T11:08:23+00:00","breadcrumb":{"@id":"https:\/\/gaf.kleve.de\/hp\/weerzien-mit-unseren-niederlaendischen-freunden\/#breadcrumb"},"inLanguage":"de","potentialAction":[{"@type":"ReadAction","target":["https:\/\/gaf.kleve.de\/hp\/weerzien-mit-unseren-niederlaendischen-freunden\/"]}]},{"@type":"ImageObject","inLanguage":"de","@id":"https:\/\/gaf.kleve.de\/hp\/weerzien-mit-unseren-niederlaendischen-freunden\/#primaryimage","url":"https:\/\/gaf.kleve.de\/hp\/wp-content\/uploads\/Gruppenbild-in-Kleve-2025.jpg","contentUrl":"https:\/\/gaf.kleve.de\/hp\/wp-content\/uploads\/Gruppenbild-in-Kleve-2025.jpg","width":2000,"height":1500},{"@type":"BreadcrumbList","@id":"https:\/\/gaf.kleve.de\/hp\/weerzien-mit-unseren-niederlaendischen-freunden\/#breadcrumb","itemListElement":[{"@type":"ListItem","position":1,"name":"Startseite","item":"https:\/\/gaf.kleve.de\/hp\/"},{"@type":"ListItem","position":2,"name":"\u201eWeerzien\u201c mit unseren niederl\u00e4ndischen Freunden"}]},{"@type":"WebSite","@id":"https:\/\/gaf.kleve.de\/hp\/#website","url":"https:\/\/gaf.kleve.de\/hp\/","name":"Gesamtschule am Forstgarten - Voneinander und miteinander lernen in Kleves gr\u00fcner Mitte","description":"Gesamtschule am Forstgarten - Voneinander und miteinander lernen in Kleves gr\u00fcner Mitte","publisher":{"@id":"https:\/\/gaf.kleve.de\/hp\/#organization"},"potentialAction":[{"@type":"SearchAction","target":{"@type":"EntryPoint","urlTemplate":"https:\/\/gaf.kleve.de\/hp\/?s={search_term_string}"},"query-input":{"@type":"PropertyValueSpecification","valueRequired":true,"valueName":"search_term_string"}}],"inLanguage":"de"},{"@type":"Organization","@id":"https:\/\/gaf.kleve.de\/hp\/#organization","name":"Gesamtschule am Forstgarten Kleve","url":"https:\/\/gaf.kleve.de\/hp\/","logo":{"@type":"ImageObject","inLanguage":"de","@id":"https:\/\/gaf.kleve.de\/hp\/#\/schema\/logo\/image\/","url":"https:\/\/gaf.kleve.de\/hp\/wp-content\/uploads\/2023\/05\/Logo_GaF_RGB.png","contentUrl":"https:\/\/gaf.kleve.de\/hp\/wp-content\/uploads\/2023\/05\/Logo_GaF_RGB.png","width":500,"height":286,"caption":"Gesamtschule am Forstgarten Kleve"},"image":{"@id":"https:\/\/gaf.kleve.de\/hp\/#\/schema\/logo\/image\/"},"sameAs":["https:\/\/www.instagram.com\/gaf_gesamtschuleamforstgarten\/"]},{"@type":"Person","@id":"https:\/\/gaf.kleve.de\/hp\/#\/schema\/person\/9d0300e75e30ca50fdef632edf9b9574","name":"Maurice Coenjaerts","url":"https:\/\/gaf.kleve.de\/hp\/author\/maurice-coenjaerts\/"}]}},"_links":{"self":[{"href":"https:\/\/gaf.kleve.de\/hp\/wp-json\/wp\/v2\/posts\/6047","targetHints":{"allow":["GET"]}}],"collection":[{"href":"https:\/\/gaf.kleve.de\/hp\/wp-json\/wp\/v2\/posts"}],"about":[{"href":"https:\/\/gaf.kleve.de\/hp\/wp-json\/wp\/v2\/types\/post"}],"author":[{"embeddable":true,"href":"https:\/\/gaf.kleve.de\/hp\/wp-json\/wp\/v2\/users\/8"}],"replies":[{"embeddable":true,"href":"https:\/\/gaf.kleve.de\/hp\/wp-json\/wp\/v2\/comments?post=6047"}],"version-history":[{"count":4,"href":"https:\/\/gaf.kleve.de\/hp\/wp-json\/wp\/v2\/posts\/6047\/revisions"}],"predecessor-version":[{"id":6057,"href":"https:\/\/gaf.kleve.de\/hp\/wp-json\/wp\/v2\/posts\/6047\/revisions\/6057"}],"wp:featuredmedia":[{"embeddable":true,"href":"https:\/\/gaf.kleve.de\/hp\/wp-json\/wp\/v2\/media\/6049"}],"wp:attachment":[{"href":"https:\/\/gaf.kleve.de\/hp\/wp-json\/wp\/v2\/media?parent=6047"}],"wp:term":[{"taxonomy":"category","embeddable":true,"href":"https:\/\/gaf.kleve.de\/hp\/wp-json\/wp\/v2\/categories?post=6047"},{"taxonomy":"post_tag","embeddable":true,"href":"https:\/\/gaf.kleve.de\/hp\/wp-json\/wp\/v2\/tags?post=6047"}],"curies":[{"name":"wp","href":"https:\/\/api.w.org\/{rel}","templated":true}]}}