{"id":6426,"date":"2026-03-09T12:04:17","date_gmt":"2026-03-09T11:04:17","guid":{"rendered":"https:\/\/gaf.kleve.de\/hp\/?p=6426"},"modified":"2026-03-09T12:05:30","modified_gmt":"2026-03-09T11:05:30","slug":"bring-eins-mit-sammelt-wieder-fuer-die-klever-tafel","status":"publish","type":"post","link":"https:\/\/gaf.kleve.de\/hp\/bring-eins-mit-sammelt-wieder-fuer-die-klever-tafel\/","title":{"rendered":"\u201eBring eins mit\u201c sammelt wieder f\u00fcr die Klever Tafel"},"content":{"rendered":"<p>[et_pb_section fb_built=&#8220;1&#8243; _builder_version=&#8220;4.27.5&#8243; _module_preset=&#8220;default&#8220; da_disable_devices=&#8220;off|off|off&#8220; global_colors_info=&#8220;{}&#8220; da_is_popup=&#8220;off&#8220; da_exit_intent=&#8220;off&#8220; da_has_close=&#8220;on&#8220; da_alt_close=&#8220;off&#8220; da_dark_close=&#8220;off&#8220; da_not_modal=&#8220;on&#8220; da_is_singular=&#8220;off&#8220; da_with_loader=&#8220;off&#8220; da_has_shadow=&#8220;on&#8220;][et_pb_row _builder_version=&#8220;4.27.5&#8243; _module_preset=&#8220;default&#8220; custom_margin=&#8220;-71px|auto||auto||&#8220; global_colors_info=&#8220;{}&#8220;][et_pb_column type=&#8220;4_4&#8243; _builder_version=&#8220;4.27.5&#8243; _module_preset=&#8220;default&#8220; global_colors_info=&#8220;{}&#8220;][et_pb_text _builder_version=&#8220;4.27.5&#8243; _module_preset=&#8220;default&#8220; hover_enabled=&#8220;0&#8243; global_colors_info=&#8220;{}&#8220; sticky_enabled=&#8220;0&#8243;]<\/p>\n<p data-start=\"56\" data-end=\"350\">Die j\u00e4hrliche Spendenaktion \u201eBring eins mit\u201c ist wieder gestartet. Im Rahmen der Unterrichtsreihe \u201eDiakonie und Caritas\u201c im Fach Religion sammeln die achten Klassen vor den Osterferien haltbare Lebensmittel und Hygieneartikel f\u00fcr die Klever Tafel.<\/p>\n<p data-start=\"352\" data-end=\"726\">Die Aktion l\u00e4uft vom 5. bis 20. M\u00e4rz 2026. Gesammelt werden im PZ unter anderem Konserven, Reis, Nudeln, Dosensuppen sowie Waschmittel oder Shampoo. Nat\u00fcrlich freuen wir uns \u00fcber viele Spenden aus allen Klassen und dem Kollegium, damit der Klever Tafel vor den Ferien wieder eine m\u00f6glichst gro\u00dfe Unterst\u00fctzung \u00fcberreicht werden kann.<\/p>\n<p>[\/et_pb_text][\/et_pb_column][\/et_pb_row][\/et_pb_section]<\/p>\n","protected":false},"excerpt":{"rendered":"<p>Die j\u00e4hrliche Spendenaktion \u201eBring eins mit\u201c ist wieder gestartet. Im Rahmen der Unterrichtsreihe \u201eDiakonie und Caritas\u201c im Fach Religion sammeln die achten Klassen vor den Osterferien haltbare Lebensmittel und Hygieneartikel f\u00fcr die Klever Tafel. Die Aktion l\u00e4uft vom 5. bis 20. M\u00e4rz 2026. Gesammelt werden im PZ unter anderem Konserven, Reis, Nudeln, Dosensuppen sowie Waschmittel [&hellip;]<\/p>\n","protected":false},"author":8,"featured_media":6427,"comment_status":"closed","ping_status":"closed","sticky":false,"template":"","format":"standard","meta":{"_et_pb_use_builder":"on","_et_pb_old_content":"","_et_gb_content_width":"","footnotes":""},"categories":[1],"tags":[],"class_list":["post-6426","post","type-post","status-publish","format-standard","has-post-thumbnail","hentry","category-allgemein"],"yoast_head":"<!-- This site is optimized with the Yoast SEO plugin v27.4 - https:\/\/yoast.com\/product\/yoast-seo-wordpress\/ -->\n<title>\u201eBring eins mit\u201c sammelt wieder f\u00fcr die Klever Tafel - Gesamtschule am Forstgarten Kleve<\/title>\n<meta name=\"robots\" content=\"index, follow, max-snippet:-1, max-image-preview:large, max-video-preview:-1\" \/>\n<link rel=\"canonical\" href=\"https:\/\/gaf.kleve.de\/hp\/bring-eins-mit-sammelt-wieder-fuer-die-klever-tafel\/\" \/>\n<meta property=\"og:locale\" content=\"de_DE\" \/>\n<meta property=\"og:type\" content=\"article\" \/>\n<meta property=\"og:title\" content=\"\u201eBring eins mit\u201c sammelt wieder f\u00fcr die Klever Tafel - Gesamtschule am Forstgarten Kleve\" \/>\n<meta property=\"og:description\" content=\"Die j\u00e4hrliche Spendenaktion \u201eBring eins mit\u201c ist wieder gestartet. Im Rahmen der Unterrichtsreihe \u201eDiakonie und Caritas\u201c im Fach Religion sammeln die achten Klassen vor den Osterferien haltbare Lebensmittel und Hygieneartikel f\u00fcr die Klever Tafel. Die Aktion l\u00e4uft vom 5. bis 20. M\u00e4rz 2026. Gesammelt werden im PZ unter anderem Konserven, Reis, Nudeln, Dosensuppen sowie Waschmittel [&hellip;]\" \/>\n<meta property=\"og:url\" content=\"https:\/\/gaf.kleve.de\/hp\/bring-eins-mit-sammelt-wieder-fuer-die-klever-tafel\/\" \/>\n<meta property=\"og:site_name\" content=\"Gesamtschule am Forstgarten Kleve\" \/>\n<meta property=\"article:published_time\" content=\"2026-03-09T11:04:17+00:00\" \/>\n<meta property=\"article:modified_time\" content=\"2026-03-09T11:05:30+00:00\" \/>\n<meta property=\"og:image\" content=\"https:\/\/gaf.kleve.de\/hp\/wp-content\/uploads\/Flyer-Aktion-Bring-eins-mit.png\" \/>\n\t<meta property=\"og:image:width\" content=\"478\" \/>\n\t<meta property=\"og:image:height\" content=\"690\" \/>\n\t<meta property=\"og:image:type\" content=\"image\/png\" \/>\n<meta name=\"author\" content=\"Maurice Coenjaerts\" \/>\n<meta name=\"twitter:card\" content=\"summary_large_image\" \/>\n<meta name=\"twitter:label1\" content=\"Verfasst von\" \/>\n\t<meta name=\"twitter:data1\" content=\"Maurice Coenjaerts\" \/>\n\t<meta name=\"twitter:label2\" content=\"Gesch\u00e4tzte Lesezeit\" \/>\n\t<meta name=\"twitter:data2\" content=\"1\u00a0Minute\" \/>\n<script type=\"application\/ld+json\" class=\"yoast-schema-graph\">{\"@context\":\"https:\\\/\\\/schema.org\",\"@graph\":[{\"@type\":\"Article\",\"@id\":\"https:\\\/\\\/gaf.kleve.de\\\/hp\\\/bring-eins-mit-sammelt-wieder-fuer-die-klever-tafel\\\/#article\",\"isPartOf\":{\"@id\":\"https:\\\/\\\/gaf.kleve.de\\\/hp\\\/bring-eins-mit-sammelt-wieder-fuer-die-klever-tafel\\\/\"},\"author\":{\"name\":\"Maurice Coenjaerts\",\"@id\":\"https:\\\/\\\/gaf.kleve.de\\\/hp\\\/#\\\/schema\\\/person\\\/9d0300e75e30ca50fdef632edf9b9574\"},\"headline\":\"\u201eBring eins mit\u201c sammelt wieder f\u00fcr die Klever Tafel\",\"datePublished\":\"2026-03-09T11:04:17+00:00\",\"dateModified\":\"2026-03-09T11:05:30+00:00\",\"mainEntityOfPage\":{\"@id\":\"https:\\\/\\\/gaf.kleve.de\\\/hp\\\/bring-eins-mit-sammelt-wieder-fuer-die-klever-tafel\\\/\"},\"wordCount\":211,\"publisher\":{\"@id\":\"https:\\\/\\\/gaf.kleve.de\\\/hp\\\/#organization\"},\"image\":{\"@id\":\"https:\\\/\\\/gaf.kleve.de\\\/hp\\\/bring-eins-mit-sammelt-wieder-fuer-die-klever-tafel\\\/#primaryimage\"},\"thumbnailUrl\":\"https:\\\/\\\/gaf.kleve.de\\\/hp\\\/wp-content\\\/uploads\\\/Flyer-Aktion-Bring-eins-mit.png\",\"inLanguage\":\"de\"},{\"@type\":\"WebPage\",\"@id\":\"https:\\\/\\\/gaf.kleve.de\\\/hp\\\/bring-eins-mit-sammelt-wieder-fuer-die-klever-tafel\\\/\",\"url\":\"https:\\\/\\\/gaf.kleve.de\\\/hp\\\/bring-eins-mit-sammelt-wieder-fuer-die-klever-tafel\\\/\",\"name\":\"\u201eBring eins mit\u201c sammelt wieder f\u00fcr die Klever Tafel - Gesamtschule am Forstgarten Kleve\",\"isPartOf\":{\"@id\":\"https:\\\/\\\/gaf.kleve.de\\\/hp\\\/#website\"},\"primaryImageOfPage\":{\"@id\":\"https:\\\/\\\/gaf.kleve.de\\\/hp\\\/bring-eins-mit-sammelt-wieder-fuer-die-klever-tafel\\\/#primaryimage\"},\"image\":{\"@id\":\"https:\\\/\\\/gaf.kleve.de\\\/hp\\\/bring-eins-mit-sammelt-wieder-fuer-die-klever-tafel\\\/#primaryimage\"},\"thumbnailUrl\":\"https:\\\/\\\/gaf.kleve.de\\\/hp\\\/wp-content\\\/uploads\\\/Flyer-Aktion-Bring-eins-mit.png\",\"datePublished\":\"2026-03-09T11:04:17+00:00\",\"dateModified\":\"2026-03-09T11:05:30+00:00\",\"breadcrumb\":{\"@id\":\"https:\\\/\\\/gaf.kleve.de\\\/hp\\\/bring-eins-mit-sammelt-wieder-fuer-die-klever-tafel\\\/#breadcrumb\"},\"inLanguage\":\"de\",\"potentialAction\":[{\"@type\":\"ReadAction\",\"target\":[\"https:\\\/\\\/gaf.kleve.de\\\/hp\\\/bring-eins-mit-sammelt-wieder-fuer-die-klever-tafel\\\/\"]}]},{\"@type\":\"ImageObject\",\"inLanguage\":\"de\",\"@id\":\"https:\\\/\\\/gaf.kleve.de\\\/hp\\\/bring-eins-mit-sammelt-wieder-fuer-die-klever-tafel\\\/#primaryimage\",\"url\":\"https:\\\/\\\/gaf.kleve.de\\\/hp\\\/wp-content\\\/uploads\\\/Flyer-Aktion-Bring-eins-mit.png\",\"contentUrl\":\"https:\\\/\\\/gaf.kleve.de\\\/hp\\\/wp-content\\\/uploads\\\/Flyer-Aktion-Bring-eins-mit.png\",\"width\":478,\"height\":690},{\"@type\":\"BreadcrumbList\",\"@id\":\"https:\\\/\\\/gaf.kleve.de\\\/hp\\\/bring-eins-mit-sammelt-wieder-fuer-die-klever-tafel\\\/#breadcrumb\",\"itemListElement\":[{\"@type\":\"ListItem\",\"position\":1,\"name\":\"Startseite\",\"item\":\"https:\\\/\\\/gaf.kleve.de\\\/hp\\\/\"},{\"@type\":\"ListItem\",\"position\":2,\"name\":\"\u201eBring eins mit\u201c sammelt wieder f\u00fcr die Klever Tafel\"}]},{\"@type\":\"WebSite\",\"@id\":\"https:\\\/\\\/gaf.kleve.de\\\/hp\\\/#website\",\"url\":\"https:\\\/\\\/gaf.kleve.de\\\/hp\\\/\",\"name\":\"Gesamtschule am Forstgarten - Voneinander und miteinander lernen in Kleves gr\u00fcner Mitte\",\"description\":\"Gesamtschule am Forstgarten - Voneinander und miteinander lernen in Kleves gr\u00fcner Mitte\",\"publisher\":{\"@id\":\"https:\\\/\\\/gaf.kleve.de\\\/hp\\\/#organization\"},\"potentialAction\":[{\"@type\":\"SearchAction\",\"target\":{\"@type\":\"EntryPoint\",\"urlTemplate\":\"https:\\\/\\\/gaf.kleve.de\\\/hp\\\/?s={search_term_string}\"},\"query-input\":{\"@type\":\"PropertyValueSpecification\",\"valueRequired\":true,\"valueName\":\"search_term_string\"}}],\"inLanguage\":\"de\"},{\"@type\":\"Organization\",\"@id\":\"https:\\\/\\\/gaf.kleve.de\\\/hp\\\/#organization\",\"name\":\"Gesamtschule am Forstgarten Kleve\",\"url\":\"https:\\\/\\\/gaf.kleve.de\\\/hp\\\/\",\"logo\":{\"@type\":\"ImageObject\",\"inLanguage\":\"de\",\"@id\":\"https:\\\/\\\/gaf.kleve.de\\\/hp\\\/#\\\/schema\\\/logo\\\/image\\\/\",\"url\":\"https:\\\/\\\/gaf.kleve.de\\\/hp\\\/wp-content\\\/uploads\\\/2023\\\/05\\\/Logo_GaF_RGB.png\",\"contentUrl\":\"https:\\\/\\\/gaf.kleve.de\\\/hp\\\/wp-content\\\/uploads\\\/2023\\\/05\\\/Logo_GaF_RGB.png\",\"width\":500,\"height\":286,\"caption\":\"Gesamtschule am Forstgarten Kleve\"},\"image\":{\"@id\":\"https:\\\/\\\/gaf.kleve.de\\\/hp\\\/#\\\/schema\\\/logo\\\/image\\\/\"},\"sameAs\":[\"https:\\\/\\\/www.instagram.com\\\/gaf_gesamtschuleamforstgarten\\\/\"]},{\"@type\":\"Person\",\"@id\":\"https:\\\/\\\/gaf.kleve.de\\\/hp\\\/#\\\/schema\\\/person\\\/9d0300e75e30ca50fdef632edf9b9574\",\"name\":\"Maurice Coenjaerts\",\"url\":\"https:\\\/\\\/gaf.kleve.de\\\/hp\\\/author\\\/maurice-coenjaerts\\\/\"}]}<\/script>\n<!-- \/ Yoast SEO plugin. -->","yoast_head_json":{"title":"\u201eBring eins mit\u201c sammelt wieder f\u00fcr die Klever Tafel - Gesamtschule am Forstgarten Kleve","robots":{"index":"index","follow":"follow","max-snippet":"max-snippet:-1","max-image-preview":"max-image-preview:large","max-video-preview":"max-video-preview:-1"},"canonical":"https:\/\/gaf.kleve.de\/hp\/bring-eins-mit-sammelt-wieder-fuer-die-klever-tafel\/","og_locale":"de_DE","og_type":"article","og_title":"\u201eBring eins mit\u201c sammelt wieder f\u00fcr die Klever Tafel - Gesamtschule am Forstgarten Kleve","og_description":"Die j\u00e4hrliche Spendenaktion \u201eBring eins mit\u201c ist wieder gestartet. Im Rahmen der Unterrichtsreihe \u201eDiakonie und Caritas\u201c im Fach Religion sammeln die achten Klassen vor den Osterferien haltbare Lebensmittel und Hygieneartikel f\u00fcr die Klever Tafel. Die Aktion l\u00e4uft vom 5. bis 20. M\u00e4rz 2026. Gesammelt werden im PZ unter anderem Konserven, Reis, Nudeln, Dosensuppen sowie Waschmittel [&hellip;]","og_url":"https:\/\/gaf.kleve.de\/hp\/bring-eins-mit-sammelt-wieder-fuer-die-klever-tafel\/","og_site_name":"Gesamtschule am Forstgarten Kleve","article_published_time":"2026-03-09T11:04:17+00:00","article_modified_time":"2026-03-09T11:05:30+00:00","og_image":[{"width":478,"height":690,"url":"https:\/\/gaf.kleve.de\/hp\/wp-content\/uploads\/Flyer-Aktion-Bring-eins-mit.png","type":"image\/png"}],"author":"Maurice Coenjaerts","twitter_card":"summary_large_image","twitter_misc":{"Verfasst von":"Maurice Coenjaerts","Gesch\u00e4tzte Lesezeit":"1\u00a0Minute"},"schema":{"@context":"https:\/\/schema.org","@graph":[{"@type":"Article","@id":"https:\/\/gaf.kleve.de\/hp\/bring-eins-mit-sammelt-wieder-fuer-die-klever-tafel\/#article","isPartOf":{"@id":"https:\/\/gaf.kleve.de\/hp\/bring-eins-mit-sammelt-wieder-fuer-die-klever-tafel\/"},"author":{"name":"Maurice Coenjaerts","@id":"https:\/\/gaf.kleve.de\/hp\/#\/schema\/person\/9d0300e75e30ca50fdef632edf9b9574"},"headline":"\u201eBring eins mit\u201c sammelt wieder f\u00fcr die Klever Tafel","datePublished":"2026-03-09T11:04:17+00:00","dateModified":"2026-03-09T11:05:30+00:00","mainEntityOfPage":{"@id":"https:\/\/gaf.kleve.de\/hp\/bring-eins-mit-sammelt-wieder-fuer-die-klever-tafel\/"},"wordCount":211,"publisher":{"@id":"https:\/\/gaf.kleve.de\/hp\/#organization"},"image":{"@id":"https:\/\/gaf.kleve.de\/hp\/bring-eins-mit-sammelt-wieder-fuer-die-klever-tafel\/#primaryimage"},"thumbnailUrl":"https:\/\/gaf.kleve.de\/hp\/wp-content\/uploads\/Flyer-Aktion-Bring-eins-mit.png","inLanguage":"de"},{"@type":"WebPage","@id":"https:\/\/gaf.kleve.de\/hp\/bring-eins-mit-sammelt-wieder-fuer-die-klever-tafel\/","url":"https:\/\/gaf.kleve.de\/hp\/bring-eins-mit-sammelt-wieder-fuer-die-klever-tafel\/","name":"\u201eBring eins mit\u201c sammelt wieder f\u00fcr die Klever Tafel - Gesamtschule am Forstgarten Kleve","isPartOf":{"@id":"https:\/\/gaf.kleve.de\/hp\/#website"},"primaryImageOfPage":{"@id":"https:\/\/gaf.kleve.de\/hp\/bring-eins-mit-sammelt-wieder-fuer-die-klever-tafel\/#primaryimage"},"image":{"@id":"https:\/\/gaf.kleve.de\/hp\/bring-eins-mit-sammelt-wieder-fuer-die-klever-tafel\/#primaryimage"},"thumbnailUrl":"https:\/\/gaf.kleve.de\/hp\/wp-content\/uploads\/Flyer-Aktion-Bring-eins-mit.png","datePublished":"2026-03-09T11:04:17+00:00","dateModified":"2026-03-09T11:05:30+00:00","breadcrumb":{"@id":"https:\/\/gaf.kleve.de\/hp\/bring-eins-mit-sammelt-wieder-fuer-die-klever-tafel\/#breadcrumb"},"inLanguage":"de","potentialAction":[{"@type":"ReadAction","target":["https:\/\/gaf.kleve.de\/hp\/bring-eins-mit-sammelt-wieder-fuer-die-klever-tafel\/"]}]},{"@type":"ImageObject","inLanguage":"de","@id":"https:\/\/gaf.kleve.de\/hp\/bring-eins-mit-sammelt-wieder-fuer-die-klever-tafel\/#primaryimage","url":"https:\/\/gaf.kleve.de\/hp\/wp-content\/uploads\/Flyer-Aktion-Bring-eins-mit.png","contentUrl":"https:\/\/gaf.kleve.de\/hp\/wp-content\/uploads\/Flyer-Aktion-Bring-eins-mit.png","width":478,"height":690},{"@type":"BreadcrumbList","@id":"https:\/\/gaf.kleve.de\/hp\/bring-eins-mit-sammelt-wieder-fuer-die-klever-tafel\/#breadcrumb","itemListElement":[{"@type":"ListItem","position":1,"name":"Startseite","item":"https:\/\/gaf.kleve.de\/hp\/"},{"@type":"ListItem","position":2,"name":"\u201eBring eins mit\u201c sammelt wieder f\u00fcr die Klever Tafel"}]},{"@type":"WebSite","@id":"https:\/\/gaf.kleve.de\/hp\/#website","url":"https:\/\/gaf.kleve.de\/hp\/","name":"Gesamtschule am Forstgarten - Voneinander und miteinander lernen in Kleves gr\u00fcner Mitte","description":"Gesamtschule am Forstgarten - Voneinander und miteinander lernen in Kleves gr\u00fcner Mitte","publisher":{"@id":"https:\/\/gaf.kleve.de\/hp\/#organization"},"potentialAction":[{"@type":"SearchAction","target":{"@type":"EntryPoint","urlTemplate":"https:\/\/gaf.kleve.de\/hp\/?s={search_term_string}"},"query-input":{"@type":"PropertyValueSpecification","valueRequired":true,"valueName":"search_term_string"}}],"inLanguage":"de"},{"@type":"Organization","@id":"https:\/\/gaf.kleve.de\/hp\/#organization","name":"Gesamtschule am Forstgarten Kleve","url":"https:\/\/gaf.kleve.de\/hp\/","logo":{"@type":"ImageObject","inLanguage":"de","@id":"https:\/\/gaf.kleve.de\/hp\/#\/schema\/logo\/image\/","url":"https:\/\/gaf.kleve.de\/hp\/wp-content\/uploads\/2023\/05\/Logo_GaF_RGB.png","contentUrl":"https:\/\/gaf.kleve.de\/hp\/wp-content\/uploads\/2023\/05\/Logo_GaF_RGB.png","width":500,"height":286,"caption":"Gesamtschule am Forstgarten Kleve"},"image":{"@id":"https:\/\/gaf.kleve.de\/hp\/#\/schema\/logo\/image\/"},"sameAs":["https:\/\/www.instagram.com\/gaf_gesamtschuleamforstgarten\/"]},{"@type":"Person","@id":"https:\/\/gaf.kleve.de\/hp\/#\/schema\/person\/9d0300e75e30ca50fdef632edf9b9574","name":"Maurice Coenjaerts","url":"https:\/\/gaf.kleve.de\/hp\/author\/maurice-coenjaerts\/"}]}},"_links":{"self":[{"href":"https:\/\/gaf.kleve.de\/hp\/wp-json\/wp\/v2\/posts\/6426","targetHints":{"allow":["GET"]}}],"collection":[{"href":"https:\/\/gaf.kleve.de\/hp\/wp-json\/wp\/v2\/posts"}],"about":[{"href":"https:\/\/gaf.kleve.de\/hp\/wp-json\/wp\/v2\/types\/post"}],"author":[{"embeddable":true,"href":"https:\/\/gaf.kleve.de\/hp\/wp-json\/wp\/v2\/users\/8"}],"replies":[{"embeddable":true,"href":"https:\/\/gaf.kleve.de\/hp\/wp-json\/wp\/v2\/comments?post=6426"}],"version-history":[{"count":7,"href":"https:\/\/gaf.kleve.de\/hp\/wp-json\/wp\/v2\/posts\/6426\/revisions"}],"predecessor-version":[{"id":6435,"href":"https:\/\/gaf.kleve.de\/hp\/wp-json\/wp\/v2\/posts\/6426\/revisions\/6435"}],"wp:featuredmedia":[{"embeddable":true,"href":"https:\/\/gaf.kleve.de\/hp\/wp-json\/wp\/v2\/media\/6427"}],"wp:attachment":[{"href":"https:\/\/gaf.kleve.de\/hp\/wp-json\/wp\/v2\/media?parent=6426"}],"wp:term":[{"taxonomy":"category","embeddable":true,"href":"https:\/\/gaf.kleve.de\/hp\/wp-json\/wp\/v2\/categories?post=6426"},{"taxonomy":"post_tag","embeddable":true,"href":"https:\/\/gaf.kleve.de\/hp\/wp-json\/wp\/v2\/tags?post=6426"}],"curies":[{"name":"wp","href":"https:\/\/api.w.org\/{rel}","templated":true}]}}