{"id":6446,"date":"2026-03-13T10:38:49","date_gmt":"2026-03-13T09:38:49","guid":{"rendered":"https:\/\/gaf.kleve.de\/hp\/?p=6446"},"modified":"2026-03-13T10:39:29","modified_gmt":"2026-03-13T09:39:29","slug":"q1-besucht-partnerschule-in-dordrecht","status":"publish","type":"post","link":"https:\/\/gaf.kleve.de\/hp\/q1-besucht-partnerschule-in-dordrecht\/","title":{"rendered":"Q1 besucht Partnerschule in Dordrecht"},"content":{"rendered":"<p>[et_pb_section fb_built=&#8220;1&#8243; theme_builder_area=&#8220;post_content&#8220; _builder_version=&#8220;4.27.5&#8243; _module_preset=&#8220;default&#8220; custom_padding=&#8220;0px|||||&#8220; da_is_popup=&#8220;off&#8220; da_exit_intent=&#8220;off&#8220; da_has_close=&#8220;on&#8220; da_alt_close=&#8220;off&#8220; da_dark_close=&#8220;off&#8220; da_not_modal=&#8220;on&#8220; da_is_singular=&#8220;off&#8220; da_with_loader=&#8220;off&#8220; da_has_shadow=&#8220;on&#8220; da_disable_devices=&#8220;off|off|off&#8220;][et_pb_row _builder_version=&#8220;4.27.5&#8243; _module_preset=&#8220;default&#8220; theme_builder_area=&#8220;post_content&#8220;][et_pb_column _builder_version=&#8220;4.27.5&#8243; _module_preset=&#8220;default&#8220; type=&#8220;4_4&#8243; theme_builder_area=&#8220;post_content&#8220;][et_pb_text _builder_version=&#8220;4.27.5&#8243; _module_preset=&#8220;default&#8220; theme_builder_area=&#8220;post_content&#8220; hover_enabled=&#8220;0&#8243; sticky_enabled=&#8220;0&#8243;]<\/p>\n<p data-start=\"486\" data-end=\"798\" style=\"text-align: justify;\">Am 11. M\u00e4rz unternahm die Q1 einen Austauschbesuch bei unserer Partnerschule in Dordrecht in den Niederlanden. Nach einer langen Busfahrt wurden die Sch\u00fclerinnen und Sch\u00fcler zun\u00e4chst mit einem Kennenlernspiel empfangen, bei dem es auch eine kleine St\u00e4rkung gab. Stroopwafels durften dabei nat\u00fcrlich nicht fehlen.<\/p>\n<p data-start=\"800\" data-end=\"1292\" style=\"text-align: justify;\">Anschlie\u00dfend ging es in die Innenstadt von Dordrecht. Trotz des regnerischen Wetters erkundeten gemischte deutsch niederl\u00e4ndische Gruppen die Stadt und meisterten verschiedene Aufgaben. Dabei lernten sie nicht nur Dordrecht besser kennen, sondern auch einiges \u00fcber die Geschichte der Stadt. Besonders spannend war, dass in Dordrecht im Jahr 1572 bei der sogenannten \u201eErsten Freien Versammlung der St\u00e4nde\u201c ein wichtiger Schritt in Richtung der Unabh\u00e4ngigkeit der Niederlande beschlossen wurde.<\/p>\n<p data-start=\"1294\" data-end=\"1685\" style=\"text-align: justify;\">Nach einem gemeinsamen Mittagessen in den gemischten Gruppen kehrten alle zur Schule zur\u00fcck. Dort pr\u00e4sentierten die Sch\u00fclerinnen und Sch\u00fcler ihre Ergebnisse und besch\u00e4ftigten sich anschlie\u00dfend kreativ mit einer spannenden Idee. Wie w\u00fcrde eine perfekte Schule aussehen, wenn Dordrecht und Kleve zu einer gemeinsamen Stadt verschmelzen w\u00fcrden? Auch \u00fcber ein gemeinsames Fest wurde diskutiert und nachgedacht.<\/p>\n<p data-start=\"1687\" data-end=\"1999\" style=\"text-align: justify;\">Zum Abschluss des Tages gab es noch ein kleines Quiz \u00fcber Kleve und Dordrecht, bei dem die neu gewonnenen Kenntnisse auf die Probe gestellt wurden. Nach vielen interessanten Gespr\u00e4chen und neuen Begegnungen machten sich die Sch\u00fclerinnen und Sch\u00fcler am Nachmittag schlie\u00dflich wieder auf den Weg zur\u00fcck nach Kleve.<\/p>\n<p data-start=\"2001\" data-end=\"2128\" style=\"text-align: justify;\">Wir bedanken uns herzlich bei unserer Partnerschule f\u00fcr den sch\u00f6nen Austausch und freuen uns schon auf das n\u00e4chste Wiedersehen.<\/p>\n<p>[\/et_pb_text][\/et_pb_column][\/et_pb_row][\/et_pb_section]<\/p>\n","protected":false},"excerpt":{"rendered":"<p>Am 11. M\u00e4rz unternahm die Q1 einen Austauschbesuch bei unserer Partnerschule in Dordrecht in den Niederlanden. Nach einer langen Busfahrt wurden die Sch\u00fclerinnen und Sch\u00fcler zun\u00e4chst mit einem Kennenlernspiel empfangen, bei dem es auch eine kleine St\u00e4rkung gab. Stroopwafels durften dabei nat\u00fcrlich nicht fehlen. Anschlie\u00dfend ging es in die Innenstadt von Dordrecht. Trotz des regnerischen [&hellip;]<\/p>\n","protected":false},"author":8,"featured_media":6447,"comment_status":"closed","ping_status":"closed","sticky":false,"template":"","format":"standard","meta":{"_et_pb_use_builder":"on","_et_pb_old_content":"","_et_gb_content_width":"","footnotes":""},"categories":[1],"tags":[],"class_list":["post-6446","post","type-post","status-publish","format-standard","has-post-thumbnail","hentry","category-allgemein"],"yoast_head":"<!-- This site is optimized with the Yoast SEO plugin v27.4 - https:\/\/yoast.com\/product\/yoast-seo-wordpress\/ -->\n<title>Q1 besucht Partnerschule in Dordrecht - Gesamtschule am Forstgarten Kleve<\/title>\n<meta name=\"robots\" content=\"index, follow, max-snippet:-1, max-image-preview:large, max-video-preview:-1\" \/>\n<link rel=\"canonical\" href=\"https:\/\/gaf.kleve.de\/hp\/q1-besucht-partnerschule-in-dordrecht\/\" \/>\n<meta property=\"og:locale\" content=\"de_DE\" \/>\n<meta property=\"og:type\" content=\"article\" \/>\n<meta property=\"og:title\" content=\"Q1 besucht Partnerschule in Dordrecht - Gesamtschule am Forstgarten Kleve\" \/>\n<meta property=\"og:description\" content=\"Am 11. M\u00e4rz unternahm die Q1 einen Austauschbesuch bei unserer Partnerschule in Dordrecht in den Niederlanden. Nach einer langen Busfahrt wurden die Sch\u00fclerinnen und Sch\u00fcler zun\u00e4chst mit einem Kennenlernspiel empfangen, bei dem es auch eine kleine St\u00e4rkung gab. Stroopwafels durften dabei nat\u00fcrlich nicht fehlen. Anschlie\u00dfend ging es in die Innenstadt von Dordrecht. Trotz des regnerischen [&hellip;]\" \/>\n<meta property=\"og:url\" content=\"https:\/\/gaf.kleve.de\/hp\/q1-besucht-partnerschule-in-dordrecht\/\" \/>\n<meta property=\"og:site_name\" content=\"Gesamtschule am Forstgarten Kleve\" \/>\n<meta property=\"article:published_time\" content=\"2026-03-13T09:38:49+00:00\" \/>\n<meta property=\"article:modified_time\" content=\"2026-03-13T09:39:29+00:00\" \/>\n<meta property=\"og:image\" content=\"https:\/\/gaf.kleve.de\/hp\/wp-content\/uploads\/Dordrecht.jpeg\" \/>\n\t<meta property=\"og:image:width\" content=\"1600\" \/>\n\t<meta property=\"og:image:height\" content=\"1017\" \/>\n\t<meta property=\"og:image:type\" content=\"image\/jpeg\" \/>\n<meta name=\"author\" content=\"Maurice Coenjaerts\" \/>\n<meta name=\"twitter:card\" content=\"summary_large_image\" \/>\n<meta name=\"twitter:label1\" content=\"Verfasst von\" \/>\n\t<meta name=\"twitter:data1\" content=\"Maurice Coenjaerts\" \/>\n\t<meta name=\"twitter:label2\" content=\"Gesch\u00e4tzte Lesezeit\" \/>\n\t<meta name=\"twitter:data2\" content=\"1\u00a0Minute\" \/>\n<script type=\"application\/ld+json\" class=\"yoast-schema-graph\">{\"@context\":\"https:\\\/\\\/schema.org\",\"@graph\":[{\"@type\":\"Article\",\"@id\":\"https:\\\/\\\/gaf.kleve.de\\\/hp\\\/q1-besucht-partnerschule-in-dordrecht\\\/#article\",\"isPartOf\":{\"@id\":\"https:\\\/\\\/gaf.kleve.de\\\/hp\\\/q1-besucht-partnerschule-in-dordrecht\\\/\"},\"author\":{\"name\":\"Maurice Coenjaerts\",\"@id\":\"https:\\\/\\\/gaf.kleve.de\\\/hp\\\/#\\\/schema\\\/person\\\/9d0300e75e30ca50fdef632edf9b9574\"},\"headline\":\"Q1 besucht Partnerschule in Dordrecht\",\"datePublished\":\"2026-03-13T09:38:49+00:00\",\"dateModified\":\"2026-03-13T09:39:29+00:00\",\"mainEntityOfPage\":{\"@id\":\"https:\\\/\\\/gaf.kleve.de\\\/hp\\\/q1-besucht-partnerschule-in-dordrecht\\\/\"},\"wordCount\":378,\"publisher\":{\"@id\":\"https:\\\/\\\/gaf.kleve.de\\\/hp\\\/#organization\"},\"image\":{\"@id\":\"https:\\\/\\\/gaf.kleve.de\\\/hp\\\/q1-besucht-partnerschule-in-dordrecht\\\/#primaryimage\"},\"thumbnailUrl\":\"https:\\\/\\\/gaf.kleve.de\\\/hp\\\/wp-content\\\/uploads\\\/Dordrecht.jpeg\",\"inLanguage\":\"de\"},{\"@type\":\"WebPage\",\"@id\":\"https:\\\/\\\/gaf.kleve.de\\\/hp\\\/q1-besucht-partnerschule-in-dordrecht\\\/\",\"url\":\"https:\\\/\\\/gaf.kleve.de\\\/hp\\\/q1-besucht-partnerschule-in-dordrecht\\\/\",\"name\":\"Q1 besucht Partnerschule in Dordrecht - Gesamtschule am Forstgarten Kleve\",\"isPartOf\":{\"@id\":\"https:\\\/\\\/gaf.kleve.de\\\/hp\\\/#website\"},\"primaryImageOfPage\":{\"@id\":\"https:\\\/\\\/gaf.kleve.de\\\/hp\\\/q1-besucht-partnerschule-in-dordrecht\\\/#primaryimage\"},\"image\":{\"@id\":\"https:\\\/\\\/gaf.kleve.de\\\/hp\\\/q1-besucht-partnerschule-in-dordrecht\\\/#primaryimage\"},\"thumbnailUrl\":\"https:\\\/\\\/gaf.kleve.de\\\/hp\\\/wp-content\\\/uploads\\\/Dordrecht.jpeg\",\"datePublished\":\"2026-03-13T09:38:49+00:00\",\"dateModified\":\"2026-03-13T09:39:29+00:00\",\"breadcrumb\":{\"@id\":\"https:\\\/\\\/gaf.kleve.de\\\/hp\\\/q1-besucht-partnerschule-in-dordrecht\\\/#breadcrumb\"},\"inLanguage\":\"de\",\"potentialAction\":[{\"@type\":\"ReadAction\",\"target\":[\"https:\\\/\\\/gaf.kleve.de\\\/hp\\\/q1-besucht-partnerschule-in-dordrecht\\\/\"]}]},{\"@type\":\"ImageObject\",\"inLanguage\":\"de\",\"@id\":\"https:\\\/\\\/gaf.kleve.de\\\/hp\\\/q1-besucht-partnerschule-in-dordrecht\\\/#primaryimage\",\"url\":\"https:\\\/\\\/gaf.kleve.de\\\/hp\\\/wp-content\\\/uploads\\\/Dordrecht.jpeg\",\"contentUrl\":\"https:\\\/\\\/gaf.kleve.de\\\/hp\\\/wp-content\\\/uploads\\\/Dordrecht.jpeg\",\"width\":1600,\"height\":1017},{\"@type\":\"BreadcrumbList\",\"@id\":\"https:\\\/\\\/gaf.kleve.de\\\/hp\\\/q1-besucht-partnerschule-in-dordrecht\\\/#breadcrumb\",\"itemListElement\":[{\"@type\":\"ListItem\",\"position\":1,\"name\":\"Startseite\",\"item\":\"https:\\\/\\\/gaf.kleve.de\\\/hp\\\/\"},{\"@type\":\"ListItem\",\"position\":2,\"name\":\"Q1 besucht Partnerschule in Dordrecht\"}]},{\"@type\":\"WebSite\",\"@id\":\"https:\\\/\\\/gaf.kleve.de\\\/hp\\\/#website\",\"url\":\"https:\\\/\\\/gaf.kleve.de\\\/hp\\\/\",\"name\":\"Gesamtschule am Forstgarten - Voneinander und miteinander lernen in Kleves gr\u00fcner Mitte\",\"description\":\"Gesamtschule am Forstgarten - Voneinander und miteinander lernen in Kleves gr\u00fcner Mitte\",\"publisher\":{\"@id\":\"https:\\\/\\\/gaf.kleve.de\\\/hp\\\/#organization\"},\"potentialAction\":[{\"@type\":\"SearchAction\",\"target\":{\"@type\":\"EntryPoint\",\"urlTemplate\":\"https:\\\/\\\/gaf.kleve.de\\\/hp\\\/?s={search_term_string}\"},\"query-input\":{\"@type\":\"PropertyValueSpecification\",\"valueRequired\":true,\"valueName\":\"search_term_string\"}}],\"inLanguage\":\"de\"},{\"@type\":\"Organization\",\"@id\":\"https:\\\/\\\/gaf.kleve.de\\\/hp\\\/#organization\",\"name\":\"Gesamtschule am Forstgarten Kleve\",\"url\":\"https:\\\/\\\/gaf.kleve.de\\\/hp\\\/\",\"logo\":{\"@type\":\"ImageObject\",\"inLanguage\":\"de\",\"@id\":\"https:\\\/\\\/gaf.kleve.de\\\/hp\\\/#\\\/schema\\\/logo\\\/image\\\/\",\"url\":\"https:\\\/\\\/gaf.kleve.de\\\/hp\\\/wp-content\\\/uploads\\\/2023\\\/05\\\/Logo_GaF_RGB.png\",\"contentUrl\":\"https:\\\/\\\/gaf.kleve.de\\\/hp\\\/wp-content\\\/uploads\\\/2023\\\/05\\\/Logo_GaF_RGB.png\",\"width\":500,\"height\":286,\"caption\":\"Gesamtschule am Forstgarten Kleve\"},\"image\":{\"@id\":\"https:\\\/\\\/gaf.kleve.de\\\/hp\\\/#\\\/schema\\\/logo\\\/image\\\/\"},\"sameAs\":[\"https:\\\/\\\/www.instagram.com\\\/gaf_gesamtschuleamforstgarten\\\/\"]},{\"@type\":\"Person\",\"@id\":\"https:\\\/\\\/gaf.kleve.de\\\/hp\\\/#\\\/schema\\\/person\\\/9d0300e75e30ca50fdef632edf9b9574\",\"name\":\"Maurice Coenjaerts\",\"url\":\"https:\\\/\\\/gaf.kleve.de\\\/hp\\\/author\\\/maurice-coenjaerts\\\/\"}]}<\/script>\n<!-- \/ Yoast SEO plugin. -->","yoast_head_json":{"title":"Q1 besucht Partnerschule in Dordrecht - Gesamtschule am Forstgarten Kleve","robots":{"index":"index","follow":"follow","max-snippet":"max-snippet:-1","max-image-preview":"max-image-preview:large","max-video-preview":"max-video-preview:-1"},"canonical":"https:\/\/gaf.kleve.de\/hp\/q1-besucht-partnerschule-in-dordrecht\/","og_locale":"de_DE","og_type":"article","og_title":"Q1 besucht Partnerschule in Dordrecht - Gesamtschule am Forstgarten Kleve","og_description":"Am 11. M\u00e4rz unternahm die Q1 einen Austauschbesuch bei unserer Partnerschule in Dordrecht in den Niederlanden. Nach einer langen Busfahrt wurden die Sch\u00fclerinnen und Sch\u00fcler zun\u00e4chst mit einem Kennenlernspiel empfangen, bei dem es auch eine kleine St\u00e4rkung gab. Stroopwafels durften dabei nat\u00fcrlich nicht fehlen. Anschlie\u00dfend ging es in die Innenstadt von Dordrecht. Trotz des regnerischen [&hellip;]","og_url":"https:\/\/gaf.kleve.de\/hp\/q1-besucht-partnerschule-in-dordrecht\/","og_site_name":"Gesamtschule am Forstgarten Kleve","article_published_time":"2026-03-13T09:38:49+00:00","article_modified_time":"2026-03-13T09:39:29+00:00","og_image":[{"width":1600,"height":1017,"url":"https:\/\/gaf.kleve.de\/hp\/wp-content\/uploads\/Dordrecht.jpeg","type":"image\/jpeg"}],"author":"Maurice Coenjaerts","twitter_card":"summary_large_image","twitter_misc":{"Verfasst von":"Maurice Coenjaerts","Gesch\u00e4tzte Lesezeit":"1\u00a0Minute"},"schema":{"@context":"https:\/\/schema.org","@graph":[{"@type":"Article","@id":"https:\/\/gaf.kleve.de\/hp\/q1-besucht-partnerschule-in-dordrecht\/#article","isPartOf":{"@id":"https:\/\/gaf.kleve.de\/hp\/q1-besucht-partnerschule-in-dordrecht\/"},"author":{"name":"Maurice Coenjaerts","@id":"https:\/\/gaf.kleve.de\/hp\/#\/schema\/person\/9d0300e75e30ca50fdef632edf9b9574"},"headline":"Q1 besucht Partnerschule in Dordrecht","datePublished":"2026-03-13T09:38:49+00:00","dateModified":"2026-03-13T09:39:29+00:00","mainEntityOfPage":{"@id":"https:\/\/gaf.kleve.de\/hp\/q1-besucht-partnerschule-in-dordrecht\/"},"wordCount":378,"publisher":{"@id":"https:\/\/gaf.kleve.de\/hp\/#organization"},"image":{"@id":"https:\/\/gaf.kleve.de\/hp\/q1-besucht-partnerschule-in-dordrecht\/#primaryimage"},"thumbnailUrl":"https:\/\/gaf.kleve.de\/hp\/wp-content\/uploads\/Dordrecht.jpeg","inLanguage":"de"},{"@type":"WebPage","@id":"https:\/\/gaf.kleve.de\/hp\/q1-besucht-partnerschule-in-dordrecht\/","url":"https:\/\/gaf.kleve.de\/hp\/q1-besucht-partnerschule-in-dordrecht\/","name":"Q1 besucht Partnerschule in Dordrecht - Gesamtschule am Forstgarten Kleve","isPartOf":{"@id":"https:\/\/gaf.kleve.de\/hp\/#website"},"primaryImageOfPage":{"@id":"https:\/\/gaf.kleve.de\/hp\/q1-besucht-partnerschule-in-dordrecht\/#primaryimage"},"image":{"@id":"https:\/\/gaf.kleve.de\/hp\/q1-besucht-partnerschule-in-dordrecht\/#primaryimage"},"thumbnailUrl":"https:\/\/gaf.kleve.de\/hp\/wp-content\/uploads\/Dordrecht.jpeg","datePublished":"2026-03-13T09:38:49+00:00","dateModified":"2026-03-13T09:39:29+00:00","breadcrumb":{"@id":"https:\/\/gaf.kleve.de\/hp\/q1-besucht-partnerschule-in-dordrecht\/#breadcrumb"},"inLanguage":"de","potentialAction":[{"@type":"ReadAction","target":["https:\/\/gaf.kleve.de\/hp\/q1-besucht-partnerschule-in-dordrecht\/"]}]},{"@type":"ImageObject","inLanguage":"de","@id":"https:\/\/gaf.kleve.de\/hp\/q1-besucht-partnerschule-in-dordrecht\/#primaryimage","url":"https:\/\/gaf.kleve.de\/hp\/wp-content\/uploads\/Dordrecht.jpeg","contentUrl":"https:\/\/gaf.kleve.de\/hp\/wp-content\/uploads\/Dordrecht.jpeg","width":1600,"height":1017},{"@type":"BreadcrumbList","@id":"https:\/\/gaf.kleve.de\/hp\/q1-besucht-partnerschule-in-dordrecht\/#breadcrumb","itemListElement":[{"@type":"ListItem","position":1,"name":"Startseite","item":"https:\/\/gaf.kleve.de\/hp\/"},{"@type":"ListItem","position":2,"name":"Q1 besucht Partnerschule in Dordrecht"}]},{"@type":"WebSite","@id":"https:\/\/gaf.kleve.de\/hp\/#website","url":"https:\/\/gaf.kleve.de\/hp\/","name":"Gesamtschule am Forstgarten - Voneinander und miteinander lernen in Kleves gr\u00fcner Mitte","description":"Gesamtschule am Forstgarten - Voneinander und miteinander lernen in Kleves gr\u00fcner Mitte","publisher":{"@id":"https:\/\/gaf.kleve.de\/hp\/#organization"},"potentialAction":[{"@type":"SearchAction","target":{"@type":"EntryPoint","urlTemplate":"https:\/\/gaf.kleve.de\/hp\/?s={search_term_string}"},"query-input":{"@type":"PropertyValueSpecification","valueRequired":true,"valueName":"search_term_string"}}],"inLanguage":"de"},{"@type":"Organization","@id":"https:\/\/gaf.kleve.de\/hp\/#organization","name":"Gesamtschule am Forstgarten Kleve","url":"https:\/\/gaf.kleve.de\/hp\/","logo":{"@type":"ImageObject","inLanguage":"de","@id":"https:\/\/gaf.kleve.de\/hp\/#\/schema\/logo\/image\/","url":"https:\/\/gaf.kleve.de\/hp\/wp-content\/uploads\/2023\/05\/Logo_GaF_RGB.png","contentUrl":"https:\/\/gaf.kleve.de\/hp\/wp-content\/uploads\/2023\/05\/Logo_GaF_RGB.png","width":500,"height":286,"caption":"Gesamtschule am Forstgarten Kleve"},"image":{"@id":"https:\/\/gaf.kleve.de\/hp\/#\/schema\/logo\/image\/"},"sameAs":["https:\/\/www.instagram.com\/gaf_gesamtschuleamforstgarten\/"]},{"@type":"Person","@id":"https:\/\/gaf.kleve.de\/hp\/#\/schema\/person\/9d0300e75e30ca50fdef632edf9b9574","name":"Maurice Coenjaerts","url":"https:\/\/gaf.kleve.de\/hp\/author\/maurice-coenjaerts\/"}]}},"_links":{"self":[{"href":"https:\/\/gaf.kleve.de\/hp\/wp-json\/wp\/v2\/posts\/6446","targetHints":{"allow":["GET"]}}],"collection":[{"href":"https:\/\/gaf.kleve.de\/hp\/wp-json\/wp\/v2\/posts"}],"about":[{"href":"https:\/\/gaf.kleve.de\/hp\/wp-json\/wp\/v2\/types\/post"}],"author":[{"embeddable":true,"href":"https:\/\/gaf.kleve.de\/hp\/wp-json\/wp\/v2\/users\/8"}],"replies":[{"embeddable":true,"href":"https:\/\/gaf.kleve.de\/hp\/wp-json\/wp\/v2\/comments?post=6446"}],"version-history":[{"count":3,"href":"https:\/\/gaf.kleve.de\/hp\/wp-json\/wp\/v2\/posts\/6446\/revisions"}],"predecessor-version":[{"id":6451,"href":"https:\/\/gaf.kleve.de\/hp\/wp-json\/wp\/v2\/posts\/6446\/revisions\/6451"}],"wp:featuredmedia":[{"embeddable":true,"href":"https:\/\/gaf.kleve.de\/hp\/wp-json\/wp\/v2\/media\/6447"}],"wp:attachment":[{"href":"https:\/\/gaf.kleve.de\/hp\/wp-json\/wp\/v2\/media?parent=6446"}],"wp:term":[{"taxonomy":"category","embeddable":true,"href":"https:\/\/gaf.kleve.de\/hp\/wp-json\/wp\/v2\/categories?post=6446"},{"taxonomy":"post_tag","embeddable":true,"href":"https:\/\/gaf.kleve.de\/hp\/wp-json\/wp\/v2\/tags?post=6446"}],"curies":[{"name":"wp","href":"https:\/\/api.w.org\/{rel}","templated":true}]}}