{"id":6637,"date":"2026-04-29T22:13:20","date_gmt":"2026-04-29T20:13:20","guid":{"rendered":"https:\/\/gaf.kleve.de\/hp\/?p=6637"},"modified":"2026-04-29T22:13:26","modified_gmt":"2026-04-29T20:13:26","slug":"schule-kunst-museum-zeigt-arbeiten-der-gesamtschule-am-forstgarten","status":"publish","type":"post","link":"https:\/\/gaf.kleve.de\/hp\/schule-kunst-museum-zeigt-arbeiten-der-gesamtschule-am-forstgarten\/","title":{"rendered":"Schule Kunst Museum zeigt Arbeiten der Gesamtschule am Forstgarten"},"content":{"rendered":"<p>[et_pb_section fb_built=&#8220;1&#8243; theme_builder_area=&#8220;post_content&#8220; _builder_version=&#8220;4.27.6&#8243; _module_preset=&#8220;default&#8220; da_is_popup=&#8220;off&#8220; da_exit_intent=&#8220;off&#8220; da_has_close=&#8220;on&#8220; da_alt_close=&#8220;off&#8220; da_dark_close=&#8220;off&#8220; da_not_modal=&#8220;on&#8220; da_is_singular=&#8220;off&#8220; da_with_loader=&#8220;off&#8220; da_has_shadow=&#8220;on&#8220; da_disable_devices=&#8220;off|off|off&#8220;][et_pb_row _builder_version=&#8220;4.27.6&#8243; _module_preset=&#8220;default&#8220; theme_builder_area=&#8220;post_content&#8220;][et_pb_column _builder_version=&#8220;4.27.6&#8243; _module_preset=&#8220;default&#8220; type=&#8220;4_4&#8243; theme_builder_area=&#8220;post_content&#8220;][et_pb_text _builder_version=&#8220;4.27.6&#8243; _module_preset=&#8220;default&#8220; theme_builder_area=&#8220;post_content&#8220; hover_enabled=&#8220;0&#8243; sticky_enabled=&#8220;0&#8243;]<\/p>\n<p>Kunst entdecken, erleben und selbst gestalten: Auch in diesem Jahr nimmt die Gesamtschule am Forstgarten an der Ausstellung \u201eSchule Kunst Museum\u201c im Museum Kurhaus Kleve teil. Das gr\u00f6\u00dfte niederrheinische Bildungsprojekt dieser Art bringt 2026 acht Klever Schulen und mehr als 250 Sch\u00fclerinnen und Sch\u00fcler zusammen. Die Ausstellung ist vom 9. bis zum 26. Mai 2026 im Museum Kurhaus Kleve zu sehen.<\/p>\n<p>In den vergangenen Monaten besuchten Sch\u00fclerinnen und Sch\u00fcler verschiedener Jahrgangsstufen das Museum, setzten sich mit den dort gezeigten Werken auseinander und entwickelten daraus eigene k\u00fcnstlerische Ideen. Entstanden sind vielf\u00e4ltige Arbeiten aus den Bereichen Zeichnung, Malerei, Papiergestaltung, Hinterglasmalerei, Druck, Performance und Video. Diese Werke werden nun im Museum Kurhaus Kleve einer breiten \u00d6ffentlichkeit pr\u00e4sentiert.<\/p>\n<p>Ein besonderer Programmpunkt ist der Festakt \u201emittendrin\u201c am Sonntag, 10. Mai 2026, um 11.30 Uhr. Die Besucherinnen und Besucher erwartet ein lebendiges Programm mit Reden, Musik, Performances und weiteren Beitr\u00e4gen der teilnehmenden Kinder und Jugendlichen. Die Ausstellung kann w\u00e4hrend der regul\u00e4ren \u00d6ffnungszeiten des Museums besucht werden. Der Eintritt zur Ausstellung und zur Er\u00f6ffnung ist frei.<\/p>\n<p>Die Gesamtschule am Forstgarten ist mit mehreren Projekten vertreten. Gezeigt von uns werden folgende Werke: Zeichnung zum Thema \u201eMenschen in verschiedenen Lebenssituationen\u201c nach dem Motto \u201eEvery picture tells a story\u201c, Papierarbeiten unter dem Titel \u201eDen Tisch decken\u201c, Zeichnung zu \u201eAuch Monster haben Gef\u00fchle\u201c, Hinterglasmalerei \u201eHinter und auf dem Glas\u201c, Prozession auf Papier mit Schattenfiguren zu der Frage \u201eWelche Themen bewegen dich?\u201c, \u201eStilllebenmalerei&#8220; in \u00d6lkreide auf Tonpapier sowie das Projekt \u201eStone Walk\u201c als Auff\u00fchrung und Video.<\/p>\n<p>Wir laden alle Sch\u00fclerinnen und Sch\u00fcler, Eltern, Familien, Freunde und Kunstinteressierte herzlich ein, die Ausstellung im Museum Kurhaus Kleve zu besuchen und die kreativen Arbeiten der beteiligten Schulen zu entdecken.<\/p>\n<h3><\/h3>\n<h3><\/h3>\n<h3>Ausstellung \u201eSchule Kunst Museum\u201c<\/h3>\n<p><strong>Zeitraum:<\/strong> 9. bis 26. Mai 2026<br \/><strong>Ort:<\/strong> Museum Kurhaus Kleve, Tiergartenstra\u00dfe 41, 47533 Kleve<br \/><strong>\u00d6ffnungszeiten:<\/strong> t\u00e4glich von 11 bis 17 Uhr, au\u00dfer montags<br \/><strong>Festakt \u201emittendrin\u201c:<\/strong> Sonntag, 10. Mai 2026, 11.30 Uhr<br \/><strong>Eintritt:<\/strong> frei<\/p>\n<p>[\/et_pb_text][\/et_pb_column][\/et_pb_row][\/et_pb_section]<\/p>\n","protected":false},"excerpt":{"rendered":"<p>Kunst entdecken, erleben und selbst gestalten: Auch in diesem Jahr nimmt die Gesamtschule am Forstgarten an der Ausstellung \u201eSchule Kunst Museum\u201c im Museum Kurhaus Kleve teil. Das gr\u00f6\u00dfte niederrheinische Bildungsprojekt dieser Art bringt 2026 acht Klever Schulen und mehr als 250 Sch\u00fclerinnen und Sch\u00fcler zusammen. Die Ausstellung ist vom 9. bis zum 26. Mai 2026 [&hellip;]<\/p>\n","protected":false},"author":8,"featured_media":6639,"comment_status":"closed","ping_status":"closed","sticky":false,"template":"","format":"standard","meta":{"_et_pb_use_builder":"on","_et_pb_old_content":"","_et_gb_content_width":"","footnotes":""},"categories":[1],"tags":[],"class_list":["post-6637","post","type-post","status-publish","format-standard","has-post-thumbnail","hentry","category-allgemein"],"yoast_head":"<!-- This site is optimized with the Yoast SEO plugin v27.4 - https:\/\/yoast.com\/product\/yoast-seo-wordpress\/ -->\n<title>Schule Kunst Museum zeigt Arbeiten der Gesamtschule am Forstgarten - Gesamtschule am Forstgarten Kleve<\/title>\n<meta name=\"robots\" content=\"index, follow, max-snippet:-1, max-image-preview:large, max-video-preview:-1\" \/>\n<link rel=\"canonical\" href=\"https:\/\/gaf.kleve.de\/hp\/schule-kunst-museum-zeigt-arbeiten-der-gesamtschule-am-forstgarten\/\" \/>\n<meta property=\"og:locale\" content=\"de_DE\" \/>\n<meta property=\"og:type\" content=\"article\" \/>\n<meta property=\"og:title\" content=\"Schule Kunst Museum zeigt Arbeiten der Gesamtschule am Forstgarten - Gesamtschule am Forstgarten Kleve\" \/>\n<meta property=\"og:description\" content=\"Kunst entdecken, erleben und selbst gestalten: Auch in diesem Jahr nimmt die Gesamtschule am Forstgarten an der Ausstellung \u201eSchule Kunst Museum\u201c im Museum Kurhaus Kleve teil. Das gr\u00f6\u00dfte niederrheinische Bildungsprojekt dieser Art bringt 2026 acht Klever Schulen und mehr als 250 Sch\u00fclerinnen und Sch\u00fcler zusammen. Die Ausstellung ist vom 9. bis zum 26. Mai 2026 [&hellip;]\" \/>\n<meta property=\"og:url\" content=\"https:\/\/gaf.kleve.de\/hp\/schule-kunst-museum-zeigt-arbeiten-der-gesamtschule-am-forstgarten\/\" \/>\n<meta property=\"og:site_name\" content=\"Gesamtschule am Forstgarten Kleve\" \/>\n<meta property=\"article:published_time\" content=\"2026-04-29T20:13:20+00:00\" \/>\n<meta property=\"article:modified_time\" content=\"2026-04-29T20:13:26+00:00\" \/>\n<meta property=\"og:image\" content=\"https:\/\/gaf.kleve.de\/hp\/wp-content\/uploads\/Kunst_Schule_Museum_Plakat_2026_final-1-725x1024.jpg\" \/>\n\t<meta property=\"og:image:width\" content=\"725\" \/>\n\t<meta property=\"og:image:height\" content=\"1024\" \/>\n\t<meta property=\"og:image:type\" content=\"image\/jpeg\" \/>\n<meta name=\"author\" content=\"Maurice Coenjaerts\" \/>\n<meta name=\"twitter:card\" content=\"summary_large_image\" \/>\n<meta name=\"twitter:label1\" content=\"Verfasst von\" \/>\n\t<meta name=\"twitter:data1\" content=\"Maurice Coenjaerts\" \/>\n\t<meta name=\"twitter:label2\" content=\"Gesch\u00e4tzte Lesezeit\" \/>\n\t<meta name=\"twitter:data2\" content=\"1\u00a0Minute\" \/>\n<script type=\"application\/ld+json\" class=\"yoast-schema-graph\">{\"@context\":\"https:\\\/\\\/schema.org\",\"@graph\":[{\"@type\":\"Article\",\"@id\":\"https:\\\/\\\/gaf.kleve.de\\\/hp\\\/schule-kunst-museum-zeigt-arbeiten-der-gesamtschule-am-forstgarten\\\/#article\",\"isPartOf\":{\"@id\":\"https:\\\/\\\/gaf.kleve.de\\\/hp\\\/schule-kunst-museum-zeigt-arbeiten-der-gesamtschule-am-forstgarten\\\/\"},\"author\":{\"name\":\"Maurice Coenjaerts\",\"@id\":\"https:\\\/\\\/gaf.kleve.de\\\/hp\\\/#\\\/schema\\\/person\\\/9d0300e75e30ca50fdef632edf9b9574\"},\"headline\":\"Schule Kunst Museum zeigt Arbeiten der Gesamtschule am Forstgarten\",\"datePublished\":\"2026-04-29T20:13:20+00:00\",\"dateModified\":\"2026-04-29T20:13:26+00:00\",\"mainEntityOfPage\":{\"@id\":\"https:\\\/\\\/gaf.kleve.de\\\/hp\\\/schule-kunst-museum-zeigt-arbeiten-der-gesamtschule-am-forstgarten\\\/\"},\"wordCount\":434,\"publisher\":{\"@id\":\"https:\\\/\\\/gaf.kleve.de\\\/hp\\\/#organization\"},\"image\":{\"@id\":\"https:\\\/\\\/gaf.kleve.de\\\/hp\\\/schule-kunst-museum-zeigt-arbeiten-der-gesamtschule-am-forstgarten\\\/#primaryimage\"},\"thumbnailUrl\":\"https:\\\/\\\/gaf.kleve.de\\\/hp\\\/wp-content\\\/uploads\\\/Kunst_Schule_Museum_Plakat_2026_final-1.jpg\",\"inLanguage\":\"de\"},{\"@type\":\"WebPage\",\"@id\":\"https:\\\/\\\/gaf.kleve.de\\\/hp\\\/schule-kunst-museum-zeigt-arbeiten-der-gesamtschule-am-forstgarten\\\/\",\"url\":\"https:\\\/\\\/gaf.kleve.de\\\/hp\\\/schule-kunst-museum-zeigt-arbeiten-der-gesamtschule-am-forstgarten\\\/\",\"name\":\"Schule Kunst Museum zeigt Arbeiten der Gesamtschule am Forstgarten - Gesamtschule am Forstgarten Kleve\",\"isPartOf\":{\"@id\":\"https:\\\/\\\/gaf.kleve.de\\\/hp\\\/#website\"},\"primaryImageOfPage\":{\"@id\":\"https:\\\/\\\/gaf.kleve.de\\\/hp\\\/schule-kunst-museum-zeigt-arbeiten-der-gesamtschule-am-forstgarten\\\/#primaryimage\"},\"image\":{\"@id\":\"https:\\\/\\\/gaf.kleve.de\\\/hp\\\/schule-kunst-museum-zeigt-arbeiten-der-gesamtschule-am-forstgarten\\\/#primaryimage\"},\"thumbnailUrl\":\"https:\\\/\\\/gaf.kleve.de\\\/hp\\\/wp-content\\\/uploads\\\/Kunst_Schule_Museum_Plakat_2026_final-1.jpg\",\"datePublished\":\"2026-04-29T20:13:20+00:00\",\"dateModified\":\"2026-04-29T20:13:26+00:00\",\"breadcrumb\":{\"@id\":\"https:\\\/\\\/gaf.kleve.de\\\/hp\\\/schule-kunst-museum-zeigt-arbeiten-der-gesamtschule-am-forstgarten\\\/#breadcrumb\"},\"inLanguage\":\"de\",\"potentialAction\":[{\"@type\":\"ReadAction\",\"target\":[\"https:\\\/\\\/gaf.kleve.de\\\/hp\\\/schule-kunst-museum-zeigt-arbeiten-der-gesamtschule-am-forstgarten\\\/\"]}]},{\"@type\":\"ImageObject\",\"inLanguage\":\"de\",\"@id\":\"https:\\\/\\\/gaf.kleve.de\\\/hp\\\/schule-kunst-museum-zeigt-arbeiten-der-gesamtschule-am-forstgarten\\\/#primaryimage\",\"url\":\"https:\\\/\\\/gaf.kleve.de\\\/hp\\\/wp-content\\\/uploads\\\/Kunst_Schule_Museum_Plakat_2026_final-1.jpg\",\"contentUrl\":\"https:\\\/\\\/gaf.kleve.de\\\/hp\\\/wp-content\\\/uploads\\\/Kunst_Schule_Museum_Plakat_2026_final-1.jpg\",\"width\":5982,\"height\":8448},{\"@type\":\"BreadcrumbList\",\"@id\":\"https:\\\/\\\/gaf.kleve.de\\\/hp\\\/schule-kunst-museum-zeigt-arbeiten-der-gesamtschule-am-forstgarten\\\/#breadcrumb\",\"itemListElement\":[{\"@type\":\"ListItem\",\"position\":1,\"name\":\"Startseite\",\"item\":\"https:\\\/\\\/gaf.kleve.de\\\/hp\\\/\"},{\"@type\":\"ListItem\",\"position\":2,\"name\":\"Schule Kunst Museum zeigt Arbeiten der Gesamtschule am Forstgarten\"}]},{\"@type\":\"WebSite\",\"@id\":\"https:\\\/\\\/gaf.kleve.de\\\/hp\\\/#website\",\"url\":\"https:\\\/\\\/gaf.kleve.de\\\/hp\\\/\",\"name\":\"Gesamtschule am Forstgarten - Voneinander und miteinander lernen in Kleves gr\u00fcner Mitte\",\"description\":\"Gesamtschule am Forstgarten - Voneinander und miteinander lernen in Kleves gr\u00fcner Mitte\",\"publisher\":{\"@id\":\"https:\\\/\\\/gaf.kleve.de\\\/hp\\\/#organization\"},\"potentialAction\":[{\"@type\":\"SearchAction\",\"target\":{\"@type\":\"EntryPoint\",\"urlTemplate\":\"https:\\\/\\\/gaf.kleve.de\\\/hp\\\/?s={search_term_string}\"},\"query-input\":{\"@type\":\"PropertyValueSpecification\",\"valueRequired\":true,\"valueName\":\"search_term_string\"}}],\"inLanguage\":\"de\"},{\"@type\":\"Organization\",\"@id\":\"https:\\\/\\\/gaf.kleve.de\\\/hp\\\/#organization\",\"name\":\"Gesamtschule am Forstgarten Kleve\",\"url\":\"https:\\\/\\\/gaf.kleve.de\\\/hp\\\/\",\"logo\":{\"@type\":\"ImageObject\",\"inLanguage\":\"de\",\"@id\":\"https:\\\/\\\/gaf.kleve.de\\\/hp\\\/#\\\/schema\\\/logo\\\/image\\\/\",\"url\":\"https:\\\/\\\/gaf.kleve.de\\\/hp\\\/wp-content\\\/uploads\\\/2023\\\/05\\\/Logo_GaF_RGB.png\",\"contentUrl\":\"https:\\\/\\\/gaf.kleve.de\\\/hp\\\/wp-content\\\/uploads\\\/2023\\\/05\\\/Logo_GaF_RGB.png\",\"width\":500,\"height\":286,\"caption\":\"Gesamtschule am Forstgarten Kleve\"},\"image\":{\"@id\":\"https:\\\/\\\/gaf.kleve.de\\\/hp\\\/#\\\/schema\\\/logo\\\/image\\\/\"},\"sameAs\":[\"https:\\\/\\\/www.instagram.com\\\/gaf_gesamtschuleamforstgarten\\\/\"]},{\"@type\":\"Person\",\"@id\":\"https:\\\/\\\/gaf.kleve.de\\\/hp\\\/#\\\/schema\\\/person\\\/9d0300e75e30ca50fdef632edf9b9574\",\"name\":\"Maurice Coenjaerts\",\"url\":\"https:\\\/\\\/gaf.kleve.de\\\/hp\\\/author\\\/maurice-coenjaerts\\\/\"}]}<\/script>\n<!-- \/ Yoast SEO plugin. -->","yoast_head_json":{"title":"Schule Kunst Museum zeigt Arbeiten der Gesamtschule am Forstgarten - Gesamtschule am Forstgarten Kleve","robots":{"index":"index","follow":"follow","max-snippet":"max-snippet:-1","max-image-preview":"max-image-preview:large","max-video-preview":"max-video-preview:-1"},"canonical":"https:\/\/gaf.kleve.de\/hp\/schule-kunst-museum-zeigt-arbeiten-der-gesamtschule-am-forstgarten\/","og_locale":"de_DE","og_type":"article","og_title":"Schule Kunst Museum zeigt Arbeiten der Gesamtschule am Forstgarten - Gesamtschule am Forstgarten Kleve","og_description":"Kunst entdecken, erleben und selbst gestalten: Auch in diesem Jahr nimmt die Gesamtschule am Forstgarten an der Ausstellung \u201eSchule Kunst Museum\u201c im Museum Kurhaus Kleve teil. Das gr\u00f6\u00dfte niederrheinische Bildungsprojekt dieser Art bringt 2026 acht Klever Schulen und mehr als 250 Sch\u00fclerinnen und Sch\u00fcler zusammen. Die Ausstellung ist vom 9. bis zum 26. Mai 2026 [&hellip;]","og_url":"https:\/\/gaf.kleve.de\/hp\/schule-kunst-museum-zeigt-arbeiten-der-gesamtschule-am-forstgarten\/","og_site_name":"Gesamtschule am Forstgarten Kleve","article_published_time":"2026-04-29T20:13:20+00:00","article_modified_time":"2026-04-29T20:13:26+00:00","og_image":[{"width":725,"height":1024,"url":"https:\/\/gaf.kleve.de\/hp\/wp-content\/uploads\/Kunst_Schule_Museum_Plakat_2026_final-1-725x1024.jpg","type":"image\/jpeg"}],"author":"Maurice Coenjaerts","twitter_card":"summary_large_image","twitter_misc":{"Verfasst von":"Maurice Coenjaerts","Gesch\u00e4tzte Lesezeit":"1\u00a0Minute"},"schema":{"@context":"https:\/\/schema.org","@graph":[{"@type":"Article","@id":"https:\/\/gaf.kleve.de\/hp\/schule-kunst-museum-zeigt-arbeiten-der-gesamtschule-am-forstgarten\/#article","isPartOf":{"@id":"https:\/\/gaf.kleve.de\/hp\/schule-kunst-museum-zeigt-arbeiten-der-gesamtschule-am-forstgarten\/"},"author":{"name":"Maurice Coenjaerts","@id":"https:\/\/gaf.kleve.de\/hp\/#\/schema\/person\/9d0300e75e30ca50fdef632edf9b9574"},"headline":"Schule Kunst Museum zeigt Arbeiten der Gesamtschule am Forstgarten","datePublished":"2026-04-29T20:13:20+00:00","dateModified":"2026-04-29T20:13:26+00:00","mainEntityOfPage":{"@id":"https:\/\/gaf.kleve.de\/hp\/schule-kunst-museum-zeigt-arbeiten-der-gesamtschule-am-forstgarten\/"},"wordCount":434,"publisher":{"@id":"https:\/\/gaf.kleve.de\/hp\/#organization"},"image":{"@id":"https:\/\/gaf.kleve.de\/hp\/schule-kunst-museum-zeigt-arbeiten-der-gesamtschule-am-forstgarten\/#primaryimage"},"thumbnailUrl":"https:\/\/gaf.kleve.de\/hp\/wp-content\/uploads\/Kunst_Schule_Museum_Plakat_2026_final-1.jpg","inLanguage":"de"},{"@type":"WebPage","@id":"https:\/\/gaf.kleve.de\/hp\/schule-kunst-museum-zeigt-arbeiten-der-gesamtschule-am-forstgarten\/","url":"https:\/\/gaf.kleve.de\/hp\/schule-kunst-museum-zeigt-arbeiten-der-gesamtschule-am-forstgarten\/","name":"Schule Kunst Museum zeigt Arbeiten der Gesamtschule am Forstgarten - Gesamtschule am Forstgarten Kleve","isPartOf":{"@id":"https:\/\/gaf.kleve.de\/hp\/#website"},"primaryImageOfPage":{"@id":"https:\/\/gaf.kleve.de\/hp\/schule-kunst-museum-zeigt-arbeiten-der-gesamtschule-am-forstgarten\/#primaryimage"},"image":{"@id":"https:\/\/gaf.kleve.de\/hp\/schule-kunst-museum-zeigt-arbeiten-der-gesamtschule-am-forstgarten\/#primaryimage"},"thumbnailUrl":"https:\/\/gaf.kleve.de\/hp\/wp-content\/uploads\/Kunst_Schule_Museum_Plakat_2026_final-1.jpg","datePublished":"2026-04-29T20:13:20+00:00","dateModified":"2026-04-29T20:13:26+00:00","breadcrumb":{"@id":"https:\/\/gaf.kleve.de\/hp\/schule-kunst-museum-zeigt-arbeiten-der-gesamtschule-am-forstgarten\/#breadcrumb"},"inLanguage":"de","potentialAction":[{"@type":"ReadAction","target":["https:\/\/gaf.kleve.de\/hp\/schule-kunst-museum-zeigt-arbeiten-der-gesamtschule-am-forstgarten\/"]}]},{"@type":"ImageObject","inLanguage":"de","@id":"https:\/\/gaf.kleve.de\/hp\/schule-kunst-museum-zeigt-arbeiten-der-gesamtschule-am-forstgarten\/#primaryimage","url":"https:\/\/gaf.kleve.de\/hp\/wp-content\/uploads\/Kunst_Schule_Museum_Plakat_2026_final-1.jpg","contentUrl":"https:\/\/gaf.kleve.de\/hp\/wp-content\/uploads\/Kunst_Schule_Museum_Plakat_2026_final-1.jpg","width":5982,"height":8448},{"@type":"BreadcrumbList","@id":"https:\/\/gaf.kleve.de\/hp\/schule-kunst-museum-zeigt-arbeiten-der-gesamtschule-am-forstgarten\/#breadcrumb","itemListElement":[{"@type":"ListItem","position":1,"name":"Startseite","item":"https:\/\/gaf.kleve.de\/hp\/"},{"@type":"ListItem","position":2,"name":"Schule Kunst Museum zeigt Arbeiten der Gesamtschule am Forstgarten"}]},{"@type":"WebSite","@id":"https:\/\/gaf.kleve.de\/hp\/#website","url":"https:\/\/gaf.kleve.de\/hp\/","name":"Gesamtschule am Forstgarten - Voneinander und miteinander lernen in Kleves gr\u00fcner Mitte","description":"Gesamtschule am Forstgarten - Voneinander und miteinander lernen in Kleves gr\u00fcner Mitte","publisher":{"@id":"https:\/\/gaf.kleve.de\/hp\/#organization"},"potentialAction":[{"@type":"SearchAction","target":{"@type":"EntryPoint","urlTemplate":"https:\/\/gaf.kleve.de\/hp\/?s={search_term_string}"},"query-input":{"@type":"PropertyValueSpecification","valueRequired":true,"valueName":"search_term_string"}}],"inLanguage":"de"},{"@type":"Organization","@id":"https:\/\/gaf.kleve.de\/hp\/#organization","name":"Gesamtschule am Forstgarten Kleve","url":"https:\/\/gaf.kleve.de\/hp\/","logo":{"@type":"ImageObject","inLanguage":"de","@id":"https:\/\/gaf.kleve.de\/hp\/#\/schema\/logo\/image\/","url":"https:\/\/gaf.kleve.de\/hp\/wp-content\/uploads\/2023\/05\/Logo_GaF_RGB.png","contentUrl":"https:\/\/gaf.kleve.de\/hp\/wp-content\/uploads\/2023\/05\/Logo_GaF_RGB.png","width":500,"height":286,"caption":"Gesamtschule am Forstgarten Kleve"},"image":{"@id":"https:\/\/gaf.kleve.de\/hp\/#\/schema\/logo\/image\/"},"sameAs":["https:\/\/www.instagram.com\/gaf_gesamtschuleamforstgarten\/"]},{"@type":"Person","@id":"https:\/\/gaf.kleve.de\/hp\/#\/schema\/person\/9d0300e75e30ca50fdef632edf9b9574","name":"Maurice Coenjaerts","url":"https:\/\/gaf.kleve.de\/hp\/author\/maurice-coenjaerts\/"}]}},"_links":{"self":[{"href":"https:\/\/gaf.kleve.de\/hp\/wp-json\/wp\/v2\/posts\/6637","targetHints":{"allow":["GET"]}}],"collection":[{"href":"https:\/\/gaf.kleve.de\/hp\/wp-json\/wp\/v2\/posts"}],"about":[{"href":"https:\/\/gaf.kleve.de\/hp\/wp-json\/wp\/v2\/types\/post"}],"author":[{"embeddable":true,"href":"https:\/\/gaf.kleve.de\/hp\/wp-json\/wp\/v2\/users\/8"}],"replies":[{"embeddable":true,"href":"https:\/\/gaf.kleve.de\/hp\/wp-json\/wp\/v2\/comments?post=6637"}],"version-history":[{"count":4,"href":"https:\/\/gaf.kleve.de\/hp\/wp-json\/wp\/v2\/posts\/6637\/revisions"}],"predecessor-version":[{"id":6644,"href":"https:\/\/gaf.kleve.de\/hp\/wp-json\/wp\/v2\/posts\/6637\/revisions\/6644"}],"wp:featuredmedia":[{"embeddable":true,"href":"https:\/\/gaf.kleve.de\/hp\/wp-json\/wp\/v2\/media\/6639"}],"wp:attachment":[{"href":"https:\/\/gaf.kleve.de\/hp\/wp-json\/wp\/v2\/media?parent=6637"}],"wp:term":[{"taxonomy":"category","embeddable":true,"href":"https:\/\/gaf.kleve.de\/hp\/wp-json\/wp\/v2\/categories?post=6637"},{"taxonomy":"post_tag","embeddable":true,"href":"https:\/\/gaf.kleve.de\/hp\/wp-json\/wp\/v2\/tags?post=6637"}],"curies":[{"name":"wp","href":"https:\/\/api.w.org\/{rel}","templated":true}]}}