{"id":6923,"date":"2026-09-02T08:15:32","date_gmt":"2026-09-02T06:15:32","guid":{"rendered":"https:\/\/gaf.kleve.de\/hp\/?p=6923"},"modified":"2026-09-02T08:15:32","modified_gmt":"2026-09-02T06:15:32","slug":"gemeinsam-ins-neue-schuljahr","status":"publish","type":"post","link":"https:\/\/gaf.kleve.de\/hp\/gemeinsam-ins-neue-schuljahr\/","title":{"rendered":"Gemeinsam ins neue Schuljahr"},"content":{"rendered":"\n[et_pb_section fb_built=&#8220;1&#8243; theme_builder_area=&#8220;post_content&#8220; _builder_version=&#8220;4.27.8&#8243; _module_preset=&#8220;default&#8220; da_is_popup=&#8220;off&#8220; da_exit_intent=&#8220;off&#8220; da_has_close=&#8220;on&#8220; da_alt_close=&#8220;off&#8220; da_dark_close=&#8220;off&#8220; da_not_modal=&#8220;on&#8220; da_is_singular=&#8220;off&#8220; da_with_loader=&#8220;off&#8220; da_has_shadow=&#8220;on&#8220; da_disable_devices=&#8220;off|off|off&#8220;][et_pb_row _builder_version=&#8220;4.27.8&#8243; _module_preset=&#8220;default&#8220; theme_builder_area=&#8220;post_content&#8220; custom_margin=&#8220;-63px|auto||auto||&#8220;][et_pb_column _builder_version=&#8220;4.27.8&#8243; _module_preset=&#8220;default&#8220; type=&#8220;4_4&#8243; theme_builder_area=&#8220;post_content&#8220;][et_pb_text _builder_version=&#8220;4.27.8&#8243; _module_preset=&#8220;default&#8220; theme_builder_area=&#8220;post_content&#8220; hover_enabled=&#8220;0&#8243; sticky_enabled=&#8220;0&#8243;]<p class=\"isSelectedEnd\"><span>Ein neues Schuljahr beginnt! Wir freuen uns darauf, unsere Sch\u00fclerinnen und Sch\u00fcler wieder bei uns zu begr\u00fc\u00dfen und gemeinsam in ein neues Jahr mit vielen Unternehmungen, Projekten und Aha-Momenten zu starten.<\/span><\/p>\n<p><span>Ein besonderer Beginn steht morgen f\u00fcr unsere neuen F\u00fcnftkl\u00e4sslerinnen und F\u00fcnftkl\u00e4ssler an. Sie starten zun\u00e4chst in ihre Projektwoche und haben dabei Gelegenheit, ihre neue Schule, ihre Klassen sowie ihre Mitsch\u00fclerinnen und Mitsch\u00fcler kennenzulernen. Wir w\u00fcnschen ihnen einen guten Start und hoffen, dass sie sich bei uns schnell wohlf\u00fchlen.<\/span><\/p>\n<p>Auch unser Kollegium erh\u00e4lt zum Schuljahresbeginn Verst\u00e4rkung. Neu an unserer Schule sind Talisa Traut mit den F\u00e4chern Deutsch, Englisch, Katholische Religionslehre und Kunst, Beate Koch im Fach Hauswirtschaft sowie H.G. van den Wyenbergh im Fach Musik. Au\u00dferdem begr\u00fc\u00dfen wir mit Gian-Luca Dittrich einen R\u00fcckkehrer, der uns als Vertretungslehrkraft in den F\u00e4chern Sport und Mathematik unterst\u00fctzt. Wir w\u00fcnschen allen einen guten Start und freuen uns auf die Zusammenarbeit.<\/p>\n<p>Eine Ver\u00e4nderung gibt es zudem in der Schulleitung. Kirsten Heesen hat nun offiziell die Aufgabe der Didaktischen Leitung unserer Schule \u00fcbernommen. Zuvor war sie als Abteilungsleiterin f\u00fcr die Jahrg\u00e4nge 7 und 8 verantwortlich und kennt unsere Schule somit bereits aus einer weiteren Leitungsfunktion. Wir freuen uns, dass sie ihre Arbeit nun in ihrer neuen Funktion fortsetzt und w\u00fcnschen ihr daf\u00fcr einen guten Start.<\/p>\n<p><span>Allen Sch\u00fclerinnen und Sch\u00fclern, Eltern und Erziehungsberechtigten sowie allen Mitarbeiterinnen und Mitarbeitern unserer Schule w\u00fcnschen wir ein erfolgreiches und gutes neues Schuljahr.<\/span><\/p>[\/et_pb_text][\/et_pb_column][\/et_pb_row][\/et_pb_section]\n","protected":false},"excerpt":{"rendered":"<p>Ein neues Schuljahr beginnt! Wir freuen uns darauf, unsere Sch\u00fclerinnen und Sch\u00fcler wieder bei uns zu begr\u00fc\u00dfen und gemeinsam in ein neues Jahr mit vielen Unternehmungen, Projekten und Aha-Momenten zu starten. Ein besonderer Beginn steht morgen f\u00fcr unsere neuen F\u00fcnftkl\u00e4sslerinnen und F\u00fcnftkl\u00e4ssler an. Sie starten zun\u00e4chst in ihre Projektwoche und haben dabei Gelegenheit, ihre neue [&hellip;]<\/p>\n","protected":false},"author":8,"featured_media":6931,"comment_status":"closed","ping_status":"closed","sticky":false,"template":"","format":"standard","meta":{"_et_pb_use_builder":"on","_et_pb_old_content":"","_et_gb_content_width":"","footnotes":""},"categories":[1],"tags":[],"class_list":["post-6923","post","type-post","status-publish","format-standard","has-post-thumbnail","hentry","category-allgemein"],"yoast_head":"<!-- This site is optimized with the Yoast SEO plugin v28.3 - https:\/\/yoast.com\/product\/yoast-seo-wordpress\/ -->\n<title>Gemeinsam ins neue Schuljahr - Gesamtschule am Forstgarten Kleve<\/title>\n<meta name=\"robots\" content=\"index, follow, max-snippet:-1, max-image-preview:large, max-video-preview:-1\" \/>\n<link rel=\"canonical\" href=\"https:\/\/gaf.kleve.de\/hp\/gemeinsam-ins-neue-schuljahr\/\" \/>\n<meta property=\"og:locale\" content=\"de_DE\" \/>\n<meta property=\"og:type\" content=\"article\" \/>\n<meta property=\"og:title\" content=\"Gemeinsam ins neue Schuljahr - Gesamtschule am Forstgarten Kleve\" \/>\n<meta property=\"og:description\" content=\"Ein neues Schuljahr beginnt! Wir freuen uns darauf, unsere Sch\u00fclerinnen und Sch\u00fcler wieder bei uns zu begr\u00fc\u00dfen und gemeinsam in ein neues Jahr mit vielen Unternehmungen, Projekten und Aha-Momenten zu starten. Ein besonderer Beginn steht morgen f\u00fcr unsere neuen F\u00fcnftkl\u00e4sslerinnen und F\u00fcnftkl\u00e4ssler an. Sie starten zun\u00e4chst in ihre Projektwoche und haben dabei Gelegenheit, ihre neue [&hellip;]\" \/>\n<meta property=\"og:url\" content=\"https:\/\/gaf.kleve.de\/hp\/gemeinsam-ins-neue-schuljahr\/\" \/>\n<meta property=\"og:site_name\" content=\"Gesamtschule am Forstgarten Kleve\" \/>\n<meta property=\"article:published_time\" content=\"2026-09-02T06:15:32+00:00\" \/>\n<meta property=\"og:image\" content=\"https:\/\/gaf.kleve.de\/hp\/wp-content\/uploads\/Kollegen-31-scaled.jpg\" \/>\n\t<meta property=\"og:image:width\" content=\"2560\" \/>\n\t<meta property=\"og:image:height\" content=\"1707\" \/>\n\t<meta property=\"og:image:type\" content=\"image\/jpeg\" \/>\n<meta name=\"author\" content=\"Maurice Coenjaerts\" \/>\n<meta name=\"twitter:card\" content=\"summary_large_image\" \/>\n<meta name=\"twitter:label1\" content=\"Verfasst von\" \/>\n\t<meta name=\"twitter:data1\" content=\"Maurice Coenjaerts\" \/>\n\t<meta name=\"twitter:label2\" content=\"Gesch\u00e4tzte Lesezeit\" \/>\n\t<meta name=\"twitter:data2\" content=\"2\u00a0Minuten\" \/>\n<script type=\"application\/ld+json\" class=\"yoast-schema-graph\">{\"@context\":\"https:\\\/\\\/schema.org\",\"@graph\":[{\"@type\":\"Article\",\"@id\":\"https:\\\/\\\/gaf.kleve.de\\\/hp\\\/gemeinsam-ins-neue-schuljahr\\\/#article\",\"isPartOf\":{\"@id\":\"https:\\\/\\\/gaf.kleve.de\\\/hp\\\/gemeinsam-ins-neue-schuljahr\\\/\"},\"author\":{\"name\":\"Maurice Coenjaerts\",\"@id\":\"https:\\\/\\\/gaf.kleve.de\\\/hp\\\/#\\\/schema\\\/person\\\/9d0300e75e30ca50fdef632edf9b9574\"},\"headline\":\"Gemeinsam ins neue Schuljahr\",\"datePublished\":\"2026-09-02T06:15:32+00:00\",\"mainEntityOfPage\":{\"@id\":\"https:\\\/\\\/gaf.kleve.de\\\/hp\\\/gemeinsam-ins-neue-schuljahr\\\/\"},\"wordCount\":383,\"publisher\":{\"@id\":\"https:\\\/\\\/gaf.kleve.de\\\/hp\\\/#organization\"},\"image\":{\"@id\":\"https:\\\/\\\/gaf.kleve.de\\\/hp\\\/gemeinsam-ins-neue-schuljahr\\\/#primaryimage\"},\"thumbnailUrl\":\"https:\\\/\\\/gaf.kleve.de\\\/hp\\\/wp-content\\\/uploads\\\/Kollegen-31-scaled.jpg\",\"inLanguage\":\"de\"},{\"@type\":\"WebPage\",\"@id\":\"https:\\\/\\\/gaf.kleve.de\\\/hp\\\/gemeinsam-ins-neue-schuljahr\\\/\",\"url\":\"https:\\\/\\\/gaf.kleve.de\\\/hp\\\/gemeinsam-ins-neue-schuljahr\\\/\",\"name\":\"Gemeinsam ins neue Schuljahr - Gesamtschule am Forstgarten Kleve\",\"isPartOf\":{\"@id\":\"https:\\\/\\\/gaf.kleve.de\\\/hp\\\/#website\"},\"primaryImageOfPage\":{\"@id\":\"https:\\\/\\\/gaf.kleve.de\\\/hp\\\/gemeinsam-ins-neue-schuljahr\\\/#primaryimage\"},\"image\":{\"@id\":\"https:\\\/\\\/gaf.kleve.de\\\/hp\\\/gemeinsam-ins-neue-schuljahr\\\/#primaryimage\"},\"thumbnailUrl\":\"https:\\\/\\\/gaf.kleve.de\\\/hp\\\/wp-content\\\/uploads\\\/Kollegen-31-scaled.jpg\",\"datePublished\":\"2026-09-02T06:15:32+00:00\",\"breadcrumb\":{\"@id\":\"https:\\\/\\\/gaf.kleve.de\\\/hp\\\/gemeinsam-ins-neue-schuljahr\\\/#breadcrumb\"},\"inLanguage\":\"de\",\"potentialAction\":[{\"@type\":\"ReadAction\",\"target\":[\"https:\\\/\\\/gaf.kleve.de\\\/hp\\\/gemeinsam-ins-neue-schuljahr\\\/\"]}]},{\"@type\":\"ImageObject\",\"inLanguage\":\"de\",\"@id\":\"https:\\\/\\\/gaf.kleve.de\\\/hp\\\/gemeinsam-ins-neue-schuljahr\\\/#primaryimage\",\"url\":\"https:\\\/\\\/gaf.kleve.de\\\/hp\\\/wp-content\\\/uploads\\\/Kollegen-31-scaled.jpg\",\"contentUrl\":\"https:\\\/\\\/gaf.kleve.de\\\/hp\\\/wp-content\\\/uploads\\\/Kollegen-31-scaled.jpg\",\"width\":2560,\"height\":1707},{\"@type\":\"BreadcrumbList\",\"@id\":\"https:\\\/\\\/gaf.kleve.de\\\/hp\\\/gemeinsam-ins-neue-schuljahr\\\/#breadcrumb\",\"itemListElement\":[{\"@type\":\"ListItem\",\"position\":1,\"name\":\"Startseite\",\"item\":\"https:\\\/\\\/gaf.kleve.de\\\/hp\\\/\"},{\"@type\":\"ListItem\",\"position\":2,\"name\":\"Gemeinsam ins neue Schuljahr\"}]},{\"@type\":\"WebSite\",\"@id\":\"https:\\\/\\\/gaf.kleve.de\\\/hp\\\/#website\",\"url\":\"https:\\\/\\\/gaf.kleve.de\\\/hp\\\/\",\"name\":\"Gesamtschule am Forstgarten - Voneinander und miteinander lernen in Kleves gr\u00fcner Mitte\",\"description\":\"Gesamtschule am Forstgarten - Voneinander und miteinander lernen in Kleves gr\u00fcner Mitte\",\"publisher\":{\"@id\":\"https:\\\/\\\/gaf.kleve.de\\\/hp\\\/#organization\"},\"potentialAction\":[{\"@type\":\"SearchAction\",\"target\":{\"@type\":\"EntryPoint\",\"urlTemplate\":\"https:\\\/\\\/gaf.kleve.de\\\/hp\\\/?s={search_term_string}\"},\"query-input\":{\"@type\":\"PropertyValueSpecification\",\"valueRequired\":true,\"valueName\":\"search_term_string\"}}],\"inLanguage\":\"de\"},{\"@type\":\"Organization\",\"@id\":\"https:\\\/\\\/gaf.kleve.de\\\/hp\\\/#organization\",\"name\":\"Gesamtschule am Forstgarten Kleve\",\"url\":\"https:\\\/\\\/gaf.kleve.de\\\/hp\\\/\",\"logo\":{\"@type\":\"ImageObject\",\"inLanguage\":\"de\",\"@id\":\"https:\\\/\\\/gaf.kleve.de\\\/hp\\\/#\\\/schema\\\/logo\\\/image\\\/\",\"url\":\"https:\\\/\\\/gaf.kleve.de\\\/hp\\\/wp-content\\\/uploads\\\/2023\\\/05\\\/Logo_GaF_RGB.png\",\"contentUrl\":\"https:\\\/\\\/gaf.kleve.de\\\/hp\\\/wp-content\\\/uploads\\\/2023\\\/05\\\/Logo_GaF_RGB.png\",\"width\":500,\"height\":286,\"caption\":\"Gesamtschule am Forstgarten Kleve\"},\"image\":{\"@id\":\"https:\\\/\\\/gaf.kleve.de\\\/hp\\\/#\\\/schema\\\/logo\\\/image\\\/\"},\"sameAs\":[\"https:\\\/\\\/www.instagram.com\\\/gaf_gesamtschuleamforstgarten\\\/\"]},{\"@type\":\"Person\",\"@id\":\"https:\\\/\\\/gaf.kleve.de\\\/hp\\\/#\\\/schema\\\/person\\\/9d0300e75e30ca50fdef632edf9b9574\",\"name\":\"Maurice Coenjaerts\",\"url\":\"https:\\\/\\\/gaf.kleve.de\\\/hp\\\/author\\\/maurice-coenjaerts\\\/\"}]}<\/script>\n<!-- \/ Yoast SEO plugin. -->","yoast_head_json":{"title":"Gemeinsam ins neue Schuljahr - Gesamtschule am Forstgarten Kleve","robots":{"index":"index","follow":"follow","max-snippet":"max-snippet:-1","max-image-preview":"max-image-preview:large","max-video-preview":"max-video-preview:-1"},"canonical":"https:\/\/gaf.kleve.de\/hp\/gemeinsam-ins-neue-schuljahr\/","og_locale":"de_DE","og_type":"article","og_title":"Gemeinsam ins neue Schuljahr - Gesamtschule am Forstgarten Kleve","og_description":"Ein neues Schuljahr beginnt! Wir freuen uns darauf, unsere Sch\u00fclerinnen und Sch\u00fcler wieder bei uns zu begr\u00fc\u00dfen und gemeinsam in ein neues Jahr mit vielen Unternehmungen, Projekten und Aha-Momenten zu starten. Ein besonderer Beginn steht morgen f\u00fcr unsere neuen F\u00fcnftkl\u00e4sslerinnen und F\u00fcnftkl\u00e4ssler an. Sie starten zun\u00e4chst in ihre Projektwoche und haben dabei Gelegenheit, ihre neue [&hellip;]","og_url":"https:\/\/gaf.kleve.de\/hp\/gemeinsam-ins-neue-schuljahr\/","og_site_name":"Gesamtschule am Forstgarten Kleve","article_published_time":"2026-09-02T06:15:32+00:00","og_image":[{"width":2560,"height":1707,"url":"https:\/\/gaf.kleve.de\/hp\/wp-content\/uploads\/Kollegen-31-scaled.jpg","type":"image\/jpeg"}],"author":"Maurice Coenjaerts","twitter_card":"summary_large_image","twitter_misc":{"Verfasst von":"Maurice Coenjaerts","Gesch\u00e4tzte Lesezeit":"2\u00a0Minuten"},"schema":{"@context":"https:\/\/schema.org","@graph":[{"@type":"Article","@id":"https:\/\/gaf.kleve.de\/hp\/gemeinsam-ins-neue-schuljahr\/#article","isPartOf":{"@id":"https:\/\/gaf.kleve.de\/hp\/gemeinsam-ins-neue-schuljahr\/"},"author":{"name":"Maurice Coenjaerts","@id":"https:\/\/gaf.kleve.de\/hp\/#\/schema\/person\/9d0300e75e30ca50fdef632edf9b9574"},"headline":"Gemeinsam ins neue Schuljahr","datePublished":"2026-09-02T06:15:32+00:00","mainEntityOfPage":{"@id":"https:\/\/gaf.kleve.de\/hp\/gemeinsam-ins-neue-schuljahr\/"},"wordCount":383,"publisher":{"@id":"https:\/\/gaf.kleve.de\/hp\/#organization"},"image":{"@id":"https:\/\/gaf.kleve.de\/hp\/gemeinsam-ins-neue-schuljahr\/#primaryimage"},"thumbnailUrl":"https:\/\/gaf.kleve.de\/hp\/wp-content\/uploads\/Kollegen-31-scaled.jpg","inLanguage":"de"},{"@type":"WebPage","@id":"https:\/\/gaf.kleve.de\/hp\/gemeinsam-ins-neue-schuljahr\/","url":"https:\/\/gaf.kleve.de\/hp\/gemeinsam-ins-neue-schuljahr\/","name":"Gemeinsam ins neue Schuljahr - Gesamtschule am Forstgarten Kleve","isPartOf":{"@id":"https:\/\/gaf.kleve.de\/hp\/#website"},"primaryImageOfPage":{"@id":"https:\/\/gaf.kleve.de\/hp\/gemeinsam-ins-neue-schuljahr\/#primaryimage"},"image":{"@id":"https:\/\/gaf.kleve.de\/hp\/gemeinsam-ins-neue-schuljahr\/#primaryimage"},"thumbnailUrl":"https:\/\/gaf.kleve.de\/hp\/wp-content\/uploads\/Kollegen-31-scaled.jpg","datePublished":"2026-09-02T06:15:32+00:00","breadcrumb":{"@id":"https:\/\/gaf.kleve.de\/hp\/gemeinsam-ins-neue-schuljahr\/#breadcrumb"},"inLanguage":"de","potentialAction":[{"@type":"ReadAction","target":["https:\/\/gaf.kleve.de\/hp\/gemeinsam-ins-neue-schuljahr\/"]}]},{"@type":"ImageObject","inLanguage":"de","@id":"https:\/\/gaf.kleve.de\/hp\/gemeinsam-ins-neue-schuljahr\/#primaryimage","url":"https:\/\/gaf.kleve.de\/hp\/wp-content\/uploads\/Kollegen-31-scaled.jpg","contentUrl":"https:\/\/gaf.kleve.de\/hp\/wp-content\/uploads\/Kollegen-31-scaled.jpg","width":2560,"height":1707},{"@type":"BreadcrumbList","@id":"https:\/\/gaf.kleve.de\/hp\/gemeinsam-ins-neue-schuljahr\/#breadcrumb","itemListElement":[{"@type":"ListItem","position":1,"name":"Startseite","item":"https:\/\/gaf.kleve.de\/hp\/"},{"@type":"ListItem","position":2,"name":"Gemeinsam ins neue Schuljahr"}]},{"@type":"WebSite","@id":"https:\/\/gaf.kleve.de\/hp\/#website","url":"https:\/\/gaf.kleve.de\/hp\/","name":"Gesamtschule am Forstgarten - Voneinander und miteinander lernen in Kleves gr\u00fcner Mitte","description":"Gesamtschule am Forstgarten - Voneinander und miteinander lernen in Kleves gr\u00fcner Mitte","publisher":{"@id":"https:\/\/gaf.kleve.de\/hp\/#organization"},"potentialAction":[{"@type":"SearchAction","target":{"@type":"EntryPoint","urlTemplate":"https:\/\/gaf.kleve.de\/hp\/?s={search_term_string}"},"query-input":{"@type":"PropertyValueSpecification","valueRequired":true,"valueName":"search_term_string"}}],"inLanguage":"de"},{"@type":"Organization","@id":"https:\/\/gaf.kleve.de\/hp\/#organization","name":"Gesamtschule am Forstgarten Kleve","url":"https:\/\/gaf.kleve.de\/hp\/","logo":{"@type":"ImageObject","inLanguage":"de","@id":"https:\/\/gaf.kleve.de\/hp\/#\/schema\/logo\/image\/","url":"https:\/\/gaf.kleve.de\/hp\/wp-content\/uploads\/2023\/05\/Logo_GaF_RGB.png","contentUrl":"https:\/\/gaf.kleve.de\/hp\/wp-content\/uploads\/2023\/05\/Logo_GaF_RGB.png","width":500,"height":286,"caption":"Gesamtschule am Forstgarten Kleve"},"image":{"@id":"https:\/\/gaf.kleve.de\/hp\/#\/schema\/logo\/image\/"},"sameAs":["https:\/\/www.instagram.com\/gaf_gesamtschuleamforstgarten\/"]},{"@type":"Person","@id":"https:\/\/gaf.kleve.de\/hp\/#\/schema\/person\/9d0300e75e30ca50fdef632edf9b9574","name":"Maurice Coenjaerts","url":"https:\/\/gaf.kleve.de\/hp\/author\/maurice-coenjaerts\/"}]}},"_links":{"self":[{"href":"https:\/\/gaf.kleve.de\/hp\/wp-json\/wp\/v2\/posts\/6923","targetHints":{"allow":["GET"]}}],"collection":[{"href":"https:\/\/gaf.kleve.de\/hp\/wp-json\/wp\/v2\/posts"}],"about":[{"href":"https:\/\/gaf.kleve.de\/hp\/wp-json\/wp\/v2\/types\/post"}],"author":[{"embeddable":true,"href":"https:\/\/gaf.kleve.de\/hp\/wp-json\/wp\/v2\/users\/8"}],"replies":[{"embeddable":true,"href":"https:\/\/gaf.kleve.de\/hp\/wp-json\/wp\/v2\/comments?post=6923"}],"version-history":[{"count":5,"href":"https:\/\/gaf.kleve.de\/hp\/wp-json\/wp\/v2\/posts\/6923\/revisions"}],"predecessor-version":[{"id":6932,"href":"https:\/\/gaf.kleve.de\/hp\/wp-json\/wp\/v2\/posts\/6923\/revisions\/6932"}],"wp:featuredmedia":[{"embeddable":true,"href":"https:\/\/gaf.kleve.de\/hp\/wp-json\/wp\/v2\/media\/6931"}],"wp:attachment":[{"href":"https:\/\/gaf.kleve.de\/hp\/wp-json\/wp\/v2\/media?parent=6923"}],"wp:term":[{"taxonomy":"category","embeddable":true,"href":"https:\/\/gaf.kleve.de\/hp\/wp-json\/wp\/v2\/categories?post=6923"},{"taxonomy":"post_tag","embeddable":true,"href":"https:\/\/gaf.kleve.de\/hp\/wp-json\/wp\/v2\/tags?post=6923"}],"curies":[{"name":"wp","href":"https:\/\/api.w.org\/{rel}","templated":true}]}}